{"id":10178,"date":"2023-03-27T09:59:12","date_gmt":"2023-03-27T09:59:12","guid":{"rendered":"https:\/\/fecavem.com\/?p=10178"},"modified":"2023-03-29T08:51:00","modified_gmt":"2023-03-29T08:51:00","slug":"obrim-participacio-empreses-associades-proces-assignacio-alumnes-nostre-curs","status":"publish","type":"post","link":"https:\/\/fecavem.com\/es\/obrim-participacio-empreses-associades-proces-assignacio-alumnes-nostre-curs\/","title":{"rendered":"Obrim la participaci\u00f3 a les empreses associades, en el proc\u00e9s d&#8217;assignaci\u00f3 dels alumnes del nostre curs"},"content":{"rendered":"\n<p>Us informem que el proper dia 21 d&#8217;abril, Fecavem i el Gremi del Motor convocar\u00e0 les empreses associades al <strong>punt de trobada per posar en contacte alumnes del Curs de Comercials de l&#8217;automoci\u00f3 i les empreses que els acullen.<\/strong><\/p>\n\n\n\n<p>Fecavem i el Gremi del Motor col\u00b7laboren en la<a href=\"https:\/\/fecavem.com\/es\/programa-de-formacion-de-jovenes-comerciales-de-automocion\/\"> formaci\u00f3 de joves alumnes del curs per a comercials d&#8217;automoci\u00f3<\/a>, un programa de Formaci\u00f3 Professional de Grau Superior de Gesti\u00f3 de Vendes i Espais Comercials especialitzat en la distribuci\u00f3 d&#8217;automoci\u00f3, en r\u00e8gim d&#8217;alternan\u00e7a dual.<\/p>\n\n\n\n<p>Des del passat mes de setembre, els alumnes<a href=\"http:\/\/www.institutjoanbrossa.cat\/estudis\/cicles_formatius\/cfgs_gestio_vendes_i_espais_comercials\" rel=\"noopener\"> de l&#8217;Institut Joan Brossa de Barcelona<\/a> i l<a href=\"http:\/\/insmontserratroig.cat\/\" rel=\"noopener\">&#8216;Institut Montserrat Roig de Terrassa<\/a> han assistit a la formaci\u00f3 en aquests Instituts.<\/p>\n\n\n\n<p>Per completar la seva formaci\u00f3, els concessionaris que volunt\u00e0riament hi vulguin participar, tenen l&#8217;oportunitat d&#8217;acollir-los, perqu\u00e8 coneguin de primera m\u00e0 les tasques i responsabilitats laborals pr\u00f2pies d&#8217;un gestor comercial.<\/p>\n\n\n\n<p>Estem a prop de finalitzar el primer curs. En juny tindr\u00e0 lloc el primer contacte amb l&#8217;empresa i al setembre del segon curs es comen\u00e7a el per\u00edode DUAL combinant 2 dies en el centre educatiu i 3 dies d&#8217;aprenentatge en l&#8217;empresa.<\/p>\n\n\n\n<p>Fecavem i el Gremi del Motor vetllen per la qualitat del programa, especialment que els continguts estiguin actualitzats i que els alumnes hagin tingut ja una primera aproximaci\u00f3 al sector laboral. Ara ja ha arribat el moment en qu\u00e8 obrim la participaci\u00f3 en les empreses associades i puguin entrar en contacte amb alumnes que es preparen per incorporar-se al mercat laboral.<\/p>\n\n\n\n<p>Reserveu<strong> la data del 21 d\u2019abril perqu\u00e8 properament enviarem la convocat\u00f2ria indicant l\u2019hora i lloc, perqu\u00e8 el responsable de Recursos Humans <\/strong>de la vostra empresa pugui participar en la selecci\u00f3.<\/p>\n\n\n\n<p>Finalment informar-vos que Fecavem i el Gremi acompanyaran les empreses en tot el proc\u00e9s de tutoriaci\u00f3 dels alumnes, a totes aquelles empreses que necessitin assessorament.<\/p>\n\n\n\n<p>Us esperem!<\/p>\n","protected":false},"excerpt":{"rendered":"<p>Us informem que el proper dia 21 d&#8217;abril, Fecavem i el Gremi del Motor convocar\u00e0 les empreses associades al punt de trobada per posar en contacte alumnes del Curs de Comercials de l&#8217;automoci\u00f3 i les empreses que els acullen. Fecavem i el Gremi del Motor col\u00b7laboren en la formaci\u00f3 de joves alumnes del curs per [&#8230;]<\/p>\n","protected":false},"author":2,"featured_media":10176,"comment_status":"closed","ping_status":"closed","sticky":false,"template":"","format":"standard","meta":{"footnotes":"","_links_to":"","_links_to_target":""},"categories":[91],"tags":[],"class_list":["post-10178","post","type-post","status-publish","format-standard","has-post-thumbnail","hentry","category-gremi-del-motor-es"],"_links":{"self":[{"href":"https:\/\/fecavem.com\/es\/wp-json\/wp\/v2\/posts\/10178","targetHints":{"allow":["GET"]}}],"collection":[{"href":"https:\/\/fecavem.com\/es\/wp-json\/wp\/v2\/posts"}],"about":[{"href":"https:\/\/fecavem.com\/es\/wp-json\/wp\/v2\/types\/post"}],"author":[{"embeddable":true,"href":"https:\/\/fecavem.com\/es\/wp-json\/wp\/v2\/users\/2"}],"replies":[{"embeddable":true,"href":"https:\/\/fecavem.com\/es\/wp-json\/wp\/v2\/comments?post=10178"}],"version-history":[{"count":3,"href":"https:\/\/fecavem.com\/es\/wp-json\/wp\/v2\/posts\/10178\/revisions"}],"predecessor-version":[{"id":10192,"href":"https:\/\/fecavem.com\/es\/wp-json\/wp\/v2\/posts\/10178\/revisions\/10192"}],"wp:featuredmedia":[{"embeddable":true,"href":"https:\/\/fecavem.com\/es\/wp-json\/wp\/v2\/media\/10176"}],"wp:attachment":[{"href":"https:\/\/fecavem.com\/es\/wp-json\/wp\/v2\/media?parent=10178"}],"wp:term":[{"taxonomy":"category","embeddable":true,"href":"https:\/\/fecavem.com\/es\/wp-json\/wp\/v2\/categories?post=10178"},{"taxonomy":"post_tag","embeddable":true,"href":"https:\/\/fecavem.com\/es\/wp-json\/wp\/v2\/tags?post=10178"}],"curies":[{"name":"wp","href":"https:\/\/api.w.org\/{rel}","templated":true}]}}