{"id":10555,"date":"2023-05-01T10:42:06","date_gmt":"2023-05-01T10:42:06","guid":{"rendered":"https:\/\/fecavem.com\/institut-mariano-sant-boi-formara-joves-professionals-automocio\/"},"modified":"2023-05-01T10:49:06","modified_gmt":"2023-05-01T10:49:06","slug":"instituto-mariano-sant-boi-formara-jovenes-profesionales-automocion","status":"publish","type":"post","link":"https:\/\/fecavem.com\/es\/instituto-mariano-sant-boi-formara-jovenes-profesionales-automocion\/","title":{"rendered":"El Instituto Mariano de Sant Boi formar\u00e1 a j\u00f3venes profesionales de la automoci\u00f3n"},"content":{"rendered":"\n<p>El pasado d\u00eda 13 de abril se celebr\u00f3 el primer encuentro entre los<strong> representantes del Instituto Mariano y el Gremio del Motor y la Movilidad de Barcelona<\/strong>, \u200b\u200bpunto de inicio de una colaboraci\u00f3n para formar a los j\u00f3venes profesionales, comerciales de la automoci\u00f3n.<\/p>\n\n\n\n<p>De esta forma, el proyecto se extiende a Sant Boi de Llobregat, una ciudad donde se concentran destacados concesionarios de la provincia.<strong> Jaume Roura, presidente del Gremio del Motor y la Movilidad y la Patronal Fecavem ya la vez de la Uni\u00f3n Patronal Metal\u00fargica (UPM), acompa\u00f1ado de Antoni Mora del Grupo Carhaus y Mois\u00e8s S\u00e1nchez de Autovivo Grup<\/strong>, participaron en una primera sesi\u00f3n de trabajo, que sirvi\u00f3 para presentar a los componentes del proyecto, as\u00ed como para el intercambio de experiencias y conocimientos.<\/p>\n\n\n\n<p>El pr\u00f3ximo<strong> mes de septiembre est\u00e1 previsto que se inicie el primer curso de comerciales de automoci\u00f3n desde el Instituto Mariano<\/strong>. De esta forma, los profesionales del motor del Baix Llobregat podr\u00e1n acoger a los primeros alumnos en el mes de junio del a\u00f1o 2024.<\/p>\n\n\n\n<p>Este proyecto se enmarca en el convenio suscrito entre el Departament d&#8217;Educaci\u00f3 de la Generalitat de Catalunya y Fecavem. Entidades del prestigio del mundo patronal y educativo como<strong> la UPM y La Alianza para la Formaci\u00f3n Dual, avalan este proyecto que prepara la quinta edici\u00f3n del<\/strong> <strong><a href=\"https:\/\/fecavem.com\/es\/programa-de-formacion-de-jovenes-comerciales-de-automocion\/\">Curso de Comerciales de la Automoci\u00f3n.<\/a><\/strong><\/p>\n","protected":false},"excerpt":{"rendered":"<p>El pasado d\u00eda 13 de abril se celebr\u00f3 el primer encuentro entre los representantes del Instituto Mariano y el Gremio del Motor y la Movilidad de Barcelona, \u200b\u200bpunto de inicio de una colaboraci\u00f3n para formar a los j\u00f3venes profesionales, comerciales de la automoci\u00f3n. De esta forma, el proyecto se extiende a Sant Boi de Llobregat, [&#8230;]<\/p>\n","protected":false},"author":2,"featured_media":10553,"comment_status":"closed","ping_status":"closed","sticky":false,"template":"","format":"standard","meta":{"footnotes":"","_links_to":"","_links_to_target":""},"categories":[91],"tags":[],"class_list":["post-10555","post","type-post","status-publish","format-standard","has-post-thumbnail","hentry","category-gremi-del-motor-es"],"_links":{"self":[{"href":"https:\/\/fecavem.com\/es\/wp-json\/wp\/v2\/posts\/10555","targetHints":{"allow":["GET"]}}],"collection":[{"href":"https:\/\/fecavem.com\/es\/wp-json\/wp\/v2\/posts"}],"about":[{"href":"https:\/\/fecavem.com\/es\/wp-json\/wp\/v2\/types\/post"}],"author":[{"embeddable":true,"href":"https:\/\/fecavem.com\/es\/wp-json\/wp\/v2\/users\/2"}],"replies":[{"embeddable":true,"href":"https:\/\/fecavem.com\/es\/wp-json\/wp\/v2\/comments?post=10555"}],"version-history":[{"count":3,"href":"https:\/\/fecavem.com\/es\/wp-json\/wp\/v2\/posts\/10555\/revisions"}],"predecessor-version":[{"id":10560,"href":"https:\/\/fecavem.com\/es\/wp-json\/wp\/v2\/posts\/10555\/revisions\/10560"}],"wp:featuredmedia":[{"embeddable":true,"href":"https:\/\/fecavem.com\/es\/wp-json\/wp\/v2\/media\/10553"}],"wp:attachment":[{"href":"https:\/\/fecavem.com\/es\/wp-json\/wp\/v2\/media?parent=10555"}],"wp:term":[{"taxonomy":"category","embeddable":true,"href":"https:\/\/fecavem.com\/es\/wp-json\/wp\/v2\/categories?post=10555"},{"taxonomy":"post_tag","embeddable":true,"href":"https:\/\/fecavem.com\/es\/wp-json\/wp\/v2\/tags?post=10555"}],"curies":[{"name":"wp","href":"https:\/\/api.w.org\/{rel}","templated":true}]}}