{"id":11016,"date":"2023-05-31T21:48:48","date_gmt":"2023-05-31T21:48:48","guid":{"rendered":"https:\/\/fecavem.com\/el-govern-amplia-les-ajudes-als-seminous-electrics\/"},"modified":"2023-05-31T21:58:41","modified_gmt":"2023-05-31T21:58:41","slug":"govern-amplia-ayudas-seminuevos-electricos","status":"publish","type":"post","link":"https:\/\/fecavem.com\/es\/govern-amplia-ayudas-seminuevos-electricos\/","title":{"rendered":"El Govern ampl\u00eda las ayudas a los seminuevos el\u00e9ctricos"},"content":{"rendered":"\n<p>Damos la bienvenida a la ampliaci\u00f3n de las ayudas del <strong>MOVES III a la compra de veh\u00edculos seminuevos el\u00e9ctricos de hasta un a\u00f1o de antig\u00fcedad, <\/strong>pensado para los usados \u200b\u200bprocedentes de empresas de alquiler y por los propios fabricantes.<\/p>\n\n\n\n<p>Es una medida que beneficia a toda la ciudadan\u00eda que quiere comprar un veh\u00edculo el\u00e9ctrico porque, ahora, podr\u00e1n adquirir uno seminuevo.<\/p>\n\n\n\n<p>El prop\u00f3sito de la enmienda es dar un impulso adicional a la incorporaci\u00f3n de veh\u00edculos el\u00e9ctricos en el mercado, facilitando el acceso a un plan que dispone de una dotaci\u00f3n econ\u00f3mica suficiente para atender esta ampliaci\u00f3n.<\/p>\n\n\n\n<p>Ahora bien, el plazo de un a\u00f1o es poco ambicioso y podr\u00eda haberse abierto a los veh\u00edculos de tres o menos a\u00f1os. El peso que tienen las operaciones de turismos el\u00e9ctricos usados \u200b\u200bBEV es muy peque\u00f1o en el usado, tal y como se evidencia en el cuadro adjunto. As\u00ed, en Catalunya, en matriculaciones, la cuota de mercado del turismo el\u00e9ctrico BEV se sit\u00faa en un 6,3%, pero en cambio en el usado es del 0,7%.<\/p>\n\n\n\n<figure class=\"wp-block-image size-full\"><img loading=\"lazy\" decoding=\"async\" width=\"564\" height=\"204\" src=\"https:\/\/fecavem.com\/wp-content\/uploads\/2023\/05\/image001.png\" alt=\"\" class=\"wp-image-11013\" srcset=\"https:\/\/fecavem.com\/wp-content\/uploads\/2023\/05\/image001.png 564w, https:\/\/fecavem.com\/wp-content\/uploads\/2023\/05\/image001-300x109.png 300w\" sizes=\"auto, (max-width: 564px) 100vw, 564px\" \/><\/figure>\n\n\n\n<p>En fin, una medida necesaria y acertada pero poco ambiciosa.<\/p>\n","protected":false},"excerpt":{"rendered":"<p>Damos la bienvenida a la ampliaci\u00f3n de las ayudas del MOVES III a la compra de veh\u00edculos seminuevos el\u00e9ctricos de hasta un a\u00f1o de antig\u00fcedad, pensado para los usados \u200b\u200bprocedentes de empresas de alquiler y por los propios fabricantes. Es una medida que beneficia a toda la ciudadan\u00eda que quiere comprar un veh\u00edculo el\u00e9ctrico porque, [&#8230;]<\/p>\n","protected":false},"author":2,"featured_media":8621,"comment_status":"closed","ping_status":"closed","sticky":false,"template":"","format":"standard","meta":{"footnotes":"","_links_to":"","_links_to_target":""},"categories":[92],"tags":[],"class_list":["post-11016","post","type-post","status-publish","format-standard","has-post-thumbnail","hentry","category-govern-es"],"_links":{"self":[{"href":"https:\/\/fecavem.com\/es\/wp-json\/wp\/v2\/posts\/11016","targetHints":{"allow":["GET"]}}],"collection":[{"href":"https:\/\/fecavem.com\/es\/wp-json\/wp\/v2\/posts"}],"about":[{"href":"https:\/\/fecavem.com\/es\/wp-json\/wp\/v2\/types\/post"}],"author":[{"embeddable":true,"href":"https:\/\/fecavem.com\/es\/wp-json\/wp\/v2\/users\/2"}],"replies":[{"embeddable":true,"href":"https:\/\/fecavem.com\/es\/wp-json\/wp\/v2\/comments?post=11016"}],"version-history":[{"count":3,"href":"https:\/\/fecavem.com\/es\/wp-json\/wp\/v2\/posts\/11016\/revisions"}],"predecessor-version":[{"id":11021,"href":"https:\/\/fecavem.com\/es\/wp-json\/wp\/v2\/posts\/11016\/revisions\/11021"}],"wp:featuredmedia":[{"embeddable":true,"href":"https:\/\/fecavem.com\/es\/wp-json\/wp\/v2\/media\/8621"}],"wp:attachment":[{"href":"https:\/\/fecavem.com\/es\/wp-json\/wp\/v2\/media?parent=11016"}],"wp:term":[{"taxonomy":"category","embeddable":true,"href":"https:\/\/fecavem.com\/es\/wp-json\/wp\/v2\/categories?post=11016"},{"taxonomy":"post_tag","embeddable":true,"href":"https:\/\/fecavem.com\/es\/wp-json\/wp\/v2\/tags?post=11016"}],"curies":[{"name":"wp","href":"https:\/\/api.w.org\/{rel}","templated":true}]}}