{"id":11187,"date":"2023-06-29T12:21:57","date_gmt":"2023-06-29T12:21:57","guid":{"rendered":"https:\/\/fecavem.com\/relleu-nostre-servei-juridic\/"},"modified":"2023-07-03T09:42:19","modified_gmt":"2023-07-03T09:42:19","slug":"relevo-nuestro-servicio-juridico","status":"publish","type":"post","link":"https:\/\/fecavem.com\/es\/relevo-nuestro-servicio-juridico\/","title":{"rendered":"Relevo en nuestro servicio jur\u00eddico"},"content":{"rendered":"\n<p>Os informamos que el Abogado externo del Gremio del Motor y la Movilidad de Barcelona<strong>, \u200b\u200bSr. Antonio Contijoch,<\/strong> ha finalizado su v\u00ednculo con nuestra entidad por jubilaci\u00f3n. Con estas l\u00edneas queremos agradecerle su dedicaci\u00f3n profesional durante tantos a\u00f1os, pues se incorpor\u00f3 durante la presidencia del sr. Manel Garcia (Grupo Vallescar), de la mano de Roman Castells.<\/p>\n\n\n\n<figure class=\"wp-block-image size-large\"><img loading=\"lazy\" decoding=\"async\" width=\"1024\" height=\"664\" src=\"https:\/\/fecavem.com\/wp-content\/uploads\/2023\/07\/advocat-gremi-1024x664.jpg\" alt=\"\" class=\"wp-image-11223\" srcset=\"https:\/\/fecavem.com\/wp-content\/uploads\/2023\/07\/advocat-gremi-1024x664.jpg 1024w, https:\/\/fecavem.com\/wp-content\/uploads\/2023\/07\/advocat-gremi-300x195.jpg 300w, https:\/\/fecavem.com\/wp-content\/uploads\/2023\/07\/advocat-gremi-768x498.jpg 768w, https:\/\/fecavem.com\/wp-content\/uploads\/2023\/07\/advocat-gremi-750x487.jpg 750w, https:\/\/fecavem.com\/wp-content\/uploads\/2023\/07\/advocat-gremi-1140x740.jpg 1140w, https:\/\/fecavem.com\/wp-content\/uploads\/2023\/07\/advocat-gremi.jpg 1187w\" sizes=\"auto, (max-width: 1024px) 100vw, 1024px\" \/><\/figure>\n\n\n\n<p>Continuamos prestando el mismo servicio de asesor\u00eda externa a trav\u00e9s de <strong>la Abogada Colegiada por Barcelona, \u200b\u200bD\u00aa. Paz Cano,<\/strong> que compatibiliza su dedicaci\u00f3n profesional al derecho con la presidencia de la secci\u00f3n de derecho de consumo del Ilustre Colegio de la Abogac\u00eda de Barcelona (ICAB). Bienvenida!<\/p>\n\n\n\n<figure class=\"wp-block-image size-large\"><img loading=\"lazy\" decoding=\"async\" width=\"1024\" height=\"748\" src=\"https:\/\/fecavem.com\/wp-content\/uploads\/2023\/07\/advocada-gremi-1024x748.jpg\" alt=\"\" class=\"wp-image-11225\" srcset=\"https:\/\/fecavem.com\/wp-content\/uploads\/2023\/07\/advocada-gremi-1024x748.jpg 1024w, https:\/\/fecavem.com\/wp-content\/uploads\/2023\/07\/advocada-gremi-300x219.jpg 300w, https:\/\/fecavem.com\/wp-content\/uploads\/2023\/07\/advocada-gremi-768x561.jpg 768w, https:\/\/fecavem.com\/wp-content\/uploads\/2023\/07\/advocada-gremi-750x548.jpg 750w, https:\/\/fecavem.com\/wp-content\/uploads\/2023\/07\/advocada-gremi-1140x833.jpg 1140w, https:\/\/fecavem.com\/wp-content\/uploads\/2023\/07\/advocada-gremi.jpg 1166w\" sizes=\"auto, (max-width: 1024px) 100vw, 1024px\" \/><\/figure>\n\n\n\n<p><strong>Para m\u00e1s informaci\u00f3n y contactar con ella, canalizamos las consultas desde el Gremio del Motor y la Movilidad de Barcelona.<\/strong><\/p>\n","protected":false},"excerpt":{"rendered":"<p>Os informamos que el Abogado externo del Gremio del Motor y la Movilidad de Barcelona, \u200b\u200bSr. Antonio Contijoch, ha finalizado su v\u00ednculo con nuestra entidad por jubilaci\u00f3n. Con estas l\u00edneas queremos agradecerle su dedicaci\u00f3n profesional durante tantos a\u00f1os, pues se incorpor\u00f3 durante la presidencia del sr. Manel Garcia (Grupo Vallescar), de la mano de Roman [&#8230;]<\/p>\n","protected":false},"author":2,"featured_media":11191,"comment_status":"closed","ping_status":"closed","sticky":false,"template":"","format":"standard","meta":{"footnotes":"","_links_to":"","_links_to_target":""},"categories":[91],"tags":[],"class_list":["post-11187","post","type-post","status-publish","format-standard","has-post-thumbnail","hentry","category-gremi-del-motor-es"],"_links":{"self":[{"href":"https:\/\/fecavem.com\/es\/wp-json\/wp\/v2\/posts\/11187","targetHints":{"allow":["GET"]}}],"collection":[{"href":"https:\/\/fecavem.com\/es\/wp-json\/wp\/v2\/posts"}],"about":[{"href":"https:\/\/fecavem.com\/es\/wp-json\/wp\/v2\/types\/post"}],"author":[{"embeddable":true,"href":"https:\/\/fecavem.com\/es\/wp-json\/wp\/v2\/users\/2"}],"replies":[{"embeddable":true,"href":"https:\/\/fecavem.com\/es\/wp-json\/wp\/v2\/comments?post=11187"}],"version-history":[{"count":2,"href":"https:\/\/fecavem.com\/es\/wp-json\/wp\/v2\/posts\/11187\/revisions"}],"predecessor-version":[{"id":11227,"href":"https:\/\/fecavem.com\/es\/wp-json\/wp\/v2\/posts\/11187\/revisions\/11227"}],"wp:featuredmedia":[{"embeddable":true,"href":"https:\/\/fecavem.com\/es\/wp-json\/wp\/v2\/media\/11191"}],"wp:attachment":[{"href":"https:\/\/fecavem.com\/es\/wp-json\/wp\/v2\/media?parent=11187"}],"wp:term":[{"taxonomy":"category","embeddable":true,"href":"https:\/\/fecavem.com\/es\/wp-json\/wp\/v2\/categories?post=11187"},{"taxonomy":"post_tag","embeddable":true,"href":"https:\/\/fecavem.com\/es\/wp-json\/wp\/v2\/tags?post=11187"}],"curies":[{"name":"wp","href":"https:\/\/api.w.org\/{rel}","templated":true}]}}