{"id":11388,"date":"2023-07-24T13:41:30","date_gmt":"2023-07-24T13:41:30","guid":{"rendered":"https:\/\/fecavem.com\/11377\/"},"modified":"2023-07-24T13:43:56","modified_gmt":"2023-07-24T13:43:56","slug":"gremi-mobilitat-cena-sant-cristofol-sabadell","status":"publish","type":"post","link":"https:\/\/fecavem.com\/es\/gremi-mobilitat-cena-sant-cristofol-sabadell\/","title":{"rendered":"El Gremi de la Mobilitat celebra su Cena Anual de Sant Crist\u00f2fol en Sabadell"},"content":{"rendered":"\n<p>El secretario general y portavoz, Joan Blancafort, en nombre del Gremio del Motor del Motor y la Movilidad de Barcelona y la patronal Fecavem, asisti\u00f3 a la Cena de San Crist\u00f3bal organizada por el Gremio de la Movilidad que tuvo lugar en la sede del Centro Metal\u00fargico de Sabadell el pasado mes de julio.<\/p>\n\n\n\n<figure class=\"wp-block-image size-large\"><img loading=\"lazy\" decoding=\"async\" width=\"1024\" height=\"681\" src=\"https:\/\/fecavem.com\/wp-content\/uploads\/2023\/07\/Joan-Sabadell-1024x681.jpg\" alt=\"\" class=\"wp-image-11384\" srcset=\"https:\/\/fecavem.com\/wp-content\/uploads\/2023\/07\/Joan-Sabadell-1024x681.jpg 1024w, https:\/\/fecavem.com\/wp-content\/uploads\/2023\/07\/Joan-Sabadell-300x199.jpg 300w, https:\/\/fecavem.com\/wp-content\/uploads\/2023\/07\/Joan-Sabadell-768x511.jpg 768w, https:\/\/fecavem.com\/wp-content\/uploads\/2023\/07\/Joan-Sabadell-1536x1021.jpg 1536w, https:\/\/fecavem.com\/wp-content\/uploads\/2023\/07\/Joan-Sabadell-2048x1362.jpg 2048w, https:\/\/fecavem.com\/wp-content\/uploads\/2023\/07\/Joan-Sabadell-750x499.jpg 750w, https:\/\/fecavem.com\/wp-content\/uploads\/2023\/07\/Joan-Sabadell-1140x758.jpg 1140w\" sizes=\"auto, (max-width: 1024px) 100vw, 1024px\" \/><\/figure>\n\n\n\n<p><\/p>\n\n\n\n<p>Un acto que super\u00f3 al centenar de asistentes y donde se galardon\u00f3, entre otros, al que hab\u00eda sido Secretario General de nuestro Gremio del Motor, SR. Josep Maria Sala, hasta hace poco vocal del Gremio de Talleres de Sabadell y Gerente de Ippon Vall\u00e9s.<\/p>\n\n\n\n<p>El Gremio del Motor de Barcelona y el Gremio de la Movilidad mantienen una estrecha colaboraci\u00f3n, en beneficio mutuo y de sus asociados. \u00a1Enhorabuena!<\/p>\n\n\n\n<p><\/p>\n","protected":false},"excerpt":{"rendered":"<p>El secretario general y portavoz, Joan Blancafort, en nombre del Gremio del Motor del Motor y la Movilidad de Barcelona y la patronal Fecavem, asisti\u00f3 a la Cena de San Crist\u00f3bal organizada por el Gremio de la Movilidad que tuvo lugar en la sede del Centro Metal\u00fargico de Sabadell el pasado mes de julio. Un [&#8230;]<\/p>\n","protected":false},"author":2,"featured_media":11383,"comment_status":"closed","ping_status":"closed","sticky":false,"template":"","format":"standard","meta":{"footnotes":"","_links_to":"","_links_to_target":""},"categories":[103],"tags":[],"class_list":["post-11388","post","type-post","status-publish","format-standard","has-post-thumbnail","hentry","category-barcelona-es"],"_links":{"self":[{"href":"https:\/\/fecavem.com\/es\/wp-json\/wp\/v2\/posts\/11388","targetHints":{"allow":["GET"]}}],"collection":[{"href":"https:\/\/fecavem.com\/es\/wp-json\/wp\/v2\/posts"}],"about":[{"href":"https:\/\/fecavem.com\/es\/wp-json\/wp\/v2\/types\/post"}],"author":[{"embeddable":true,"href":"https:\/\/fecavem.com\/es\/wp-json\/wp\/v2\/users\/2"}],"replies":[{"embeddable":true,"href":"https:\/\/fecavem.com\/es\/wp-json\/wp\/v2\/comments?post=11388"}],"version-history":[{"count":1,"href":"https:\/\/fecavem.com\/es\/wp-json\/wp\/v2\/posts\/11388\/revisions"}],"predecessor-version":[{"id":11389,"href":"https:\/\/fecavem.com\/es\/wp-json\/wp\/v2\/posts\/11388\/revisions\/11389"}],"wp:featuredmedia":[{"embeddable":true,"href":"https:\/\/fecavem.com\/es\/wp-json\/wp\/v2\/media\/11383"}],"wp:attachment":[{"href":"https:\/\/fecavem.com\/es\/wp-json\/wp\/v2\/media?parent=11388"}],"wp:term":[{"taxonomy":"category","embeddable":true,"href":"https:\/\/fecavem.com\/es\/wp-json\/wp\/v2\/categories?post=11388"},{"taxonomy":"post_tag","embeddable":true,"href":"https:\/\/fecavem.com\/es\/wp-json\/wp\/v2\/tags?post=11388"}],"curies":[{"name":"wp","href":"https:\/\/api.w.org\/{rel}","templated":true}]}}