{"id":11643,"date":"2023-08-31T13:55:24","date_gmt":"2023-08-31T13:55:24","guid":{"rendered":"https:\/\/fecavem.com\/eleccions-cambres-comerc-catalunya\/"},"modified":"2023-08-31T14:00:52","modified_gmt":"2023-08-31T14:00:52","slug":"elecciones-cambres-comerc-catalunya","status":"publish","type":"post","link":"https:\/\/fecavem.com\/es\/elecciones-cambres-comerc-catalunya\/","title":{"rendered":"Elecciones a les Cambres de Comer\u00e7 de Catalunya"},"content":{"rendered":"\n<p>Este mes de septiembre tendr\u00e1n lugar las elecciones para la renovaci\u00f3n de los \u00f3rganos de gobierno de las C\u00e1maras Oficiales de Comercio, Industria, Servicios y Navegaci\u00f3n de Catalunya. <\/p>\n\n\n\n<p>Llegado este momento de las elecciones, debemos recordar que las c\u00e1maras actuales son herederas de aquellas entidades fundadas, algunas en el siglo XIV, que construyeron la Llotja de Mar, el Consolat de Mar y la Junta de Comercio. <\/p>\n\n\n\n<p>Las C\u00e1maras forman parte de la realidad institucional de Catalu\u00f1a en la doble vertiente representativa de las empresas y de colaboraci\u00f3n con la administraci\u00f3n, recibiendo recursos econ\u00f3micos de \u00e9sta.<\/p>\n\n\n\n<p><\/p>\n\n\n<div class=\"wp-block-image\">\n<figure class=\"aligncenter size-full\"><img loading=\"lazy\" decoding=\"async\" width=\"600\" height=\"82\" src=\"https:\/\/fecavem.com\/wp-content\/uploads\/2023\/08\/cambres-comerc-catalunya-1.png\" alt=\"\" class=\"wp-image-11638\" srcset=\"https:\/\/fecavem.com\/wp-content\/uploads\/2023\/08\/cambres-comerc-catalunya-1.png 600w, https:\/\/fecavem.com\/wp-content\/uploads\/2023\/08\/cambres-comerc-catalunya-1-300x41.png 300w\" sizes=\"auto, (max-width: 600px) 100vw, 600px\" \/><\/figure>\n<\/div>\n\n\n<p><\/p>\n\n\n\n<p>Pueden ejercer el voto todas aquellas personas,<strong> f\u00edsicas o jur\u00eddicas<\/strong>, que desarrollen actividades comerciales, industriales, de servicios o navieras, que figuren en el censo electoral y que formen parte de su demarcaci\u00f3n territorial. <\/p>\n\n\n\n<p>Os animamos a participar, escogiendo de entre los diferentes candidatos\/as y representantes de nuestro sector que mejor defiendan nuestros intereses. En este sentido, recordaros que el Presidente de Fecavem y el Gremio del Motor, Jaume Roura Calls, fue vocal por Fomento del Trabajo Nacional de la junta de gobierno de la C\u00e1mara de Barcelona. Las votaciones se celebrar\u00e1n en las siguientes fechas:<\/p>\n\n\n\n<p>\u00b7\u00a0 \u00a0 <strong>Votaci\u00f3n electr\u00f3nica remota:<\/strong> desde las 9h del pr\u00f3ximo 15 de septiembre. <\/p>\n\n\n\n<p>\u00b7 \u00a0 <strong>Votaci\u00f3n electr\u00f3nica presencial:<\/strong> 20 de septiembre.<\/p>\n\n\n\n<p>Saber m\u00e9s:<\/p>\n\n\n\n<figure class=\"wp-block-table\"><table><tbody><tr><td>Barcelona<\/td><td><a href=\"https:\/\/eleccions23.cambrabcn.org\/\" rel=\"noopener\">https:\/\/eleccions23.cambrabcn.org\/<\/a><\/td><\/tr><tr><td>Sabadell<\/td><td><a href=\"https:\/\/www.cambrasabadell.org\/ca\/eleccions-camerals-2023\/\" rel=\"noopener\">https:\/\/www.cambrasabadell.org\/ca\/eleccions-camerals-2023\/<\/a><\/td><\/tr><tr><td>Terrassa<\/td><td><a href=\"https:\/\/www.cambraterrassa.org\/proces-electoral\/\" rel=\"noopener\">https:\/\/www.cambraterrassa.org\/proces-electoral\/<\/a><\/td><\/tr><tr><td>Manresa<\/td><td><a href=\"https:\/\/www.cambramanresa.cat\/noticies\/convocades-les-eleccions-als-organs-de-govern-de-la-cambra\/\" rel=\"noopener\">https:\/\/www.cambramanresa.cat\/noticies\/convocades-les-eleccions-als-organs-de-govern-de-la-cambra\/<\/a><\/td><\/tr><tr><td>Catalunya<\/td><td><a href=\"https:\/\/www.cambrescat.org\/\" rel=\"noopener\">https:\/\/www.cambrescat.org\/<\/a><\/td><\/tr><\/tbody><\/table><\/figure>\n","protected":false},"excerpt":{"rendered":"<p>Este mes de septiembre tendr\u00e1n lugar las elecciones para la renovaci\u00f3n de los \u00f3rganos de gobierno de las C\u00e1maras Oficiales de Comercio, Industria, Servicios y Navegaci\u00f3n de Catalunya. Llegado este momento de las elecciones, debemos recordar que las c\u00e1maras actuales son herederas de aquellas entidades fundadas, algunas en el siglo XIV, que construyeron la Llotja [&#8230;]<\/p>\n","protected":false},"author":2,"featured_media":11641,"comment_status":"closed","ping_status":"closed","sticky":false,"template":"","format":"standard","meta":{"footnotes":"","_links_to":"","_links_to_target":""},"categories":[101],"tags":[],"class_list":["post-11643","post","type-post","status-publish","format-standard","has-post-thumbnail","hentry","category-administracion"],"_links":{"self":[{"href":"https:\/\/fecavem.com\/es\/wp-json\/wp\/v2\/posts\/11643","targetHints":{"allow":["GET"]}}],"collection":[{"href":"https:\/\/fecavem.com\/es\/wp-json\/wp\/v2\/posts"}],"about":[{"href":"https:\/\/fecavem.com\/es\/wp-json\/wp\/v2\/types\/post"}],"author":[{"embeddable":true,"href":"https:\/\/fecavem.com\/es\/wp-json\/wp\/v2\/users\/2"}],"replies":[{"embeddable":true,"href":"https:\/\/fecavem.com\/es\/wp-json\/wp\/v2\/comments?post=11643"}],"version-history":[{"count":2,"href":"https:\/\/fecavem.com\/es\/wp-json\/wp\/v2\/posts\/11643\/revisions"}],"predecessor-version":[{"id":11647,"href":"https:\/\/fecavem.com\/es\/wp-json\/wp\/v2\/posts\/11643\/revisions\/11647"}],"wp:featuredmedia":[{"embeddable":true,"href":"https:\/\/fecavem.com\/es\/wp-json\/wp\/v2\/media\/11641"}],"wp:attachment":[{"href":"https:\/\/fecavem.com\/es\/wp-json\/wp\/v2\/media?parent=11643"}],"wp:term":[{"taxonomy":"category","embeddable":true,"href":"https:\/\/fecavem.com\/es\/wp-json\/wp\/v2\/categories?post=11643"},{"taxonomy":"post_tag","embeddable":true,"href":"https:\/\/fecavem.com\/es\/wp-json\/wp\/v2\/tags?post=11643"}],"curies":[{"name":"wp","href":"https:\/\/api.w.org\/{rel}","templated":true}]}}