{"id":11872,"date":"2023-09-21T12:34:03","date_gmt":"2023-09-21T12:34:03","guid":{"rendered":"https:\/\/fecavem.com\/jaume-roura-inaugura-primer-debat-auto-mobility-trends-2023\/"},"modified":"2023-09-28T14:22:14","modified_gmt":"2023-09-28T14:22:14","slug":"jaume-roura-inaugura-primer-debate-auto-mobility-trends-2023","status":"publish","type":"post","link":"https:\/\/fecavem.com\/es\/jaume-roura-inaugura-primer-debate-auto-mobility-trends-2023\/","title":{"rendered":"Jaume Roura inaugura el primer debate del Auto Mobility Trends 2023"},"content":{"rendered":"\n<p>El presidente de Fecavem y el Gremio del Motor y la Movilidad de Barcelona, \u200b\u200bJaume Roura, fue el primero de los ponentes que dio el pistoletazo de salida a la jornada del <strong>Bar\u00f3metro Auto Mobility Trends 2023, impulsado por Coche Global y de la mano del periodista Toni Fuentes.<\/strong><\/p>\n\n\n\n<div class=\"wp-block-buttons is-content-justification-center is-layout-flex wp-container-core-buttons-is-layout-16018d1d wp-block-buttons-is-layout-flex\">\n<div class=\"wp-block-button\"><a class=\"wp-block-button__link has-text-align-center wp-element-button\" href=\"https:\/\/www.cocheglobal.com\/uploads\/s1\/26\/73\/05\/32\/auto-mobility-trends-2023.pdf\" rel=\"noopener\">CONSULTA EL INFORME COMPLETO<\/a><\/div>\n<\/div>\n\n\n\n<p>El acto tuvo lugar en<strong> CASA SEAT donde Roura fue preguntado por la reciente sentencia que da la raz\u00f3n a las patronales que denunciaron la supermanzana de la calle Consell de Cent de Barcelona:<\/strong> \u00abCelebramos que la justicia dicte que las cosas se han de hacer con di\u00e1logo y no por imperativo como el anterior consistorio. A partir de ah\u00ed, abrimos una nueva etapa con nuevo alcalde, Jaume Collboni, y esperamos que las cosas se hagan desde el consenso de todos los implicados e implicadas\u00bb.<\/p>\n\n\n\n<p>M\u00e1s all\u00e1 del apunte de actualidad, este encuentro ha marcado el inicio del nuevo curso para el sector de la automoci\u00f3n. <strong>Fabricantes de veh\u00edculos, proveedores, concesionarios y empresas de nueva movilidad han aprovechado su participaci\u00f3n para reclamar a las administraciones<\/strong>, ausente en el caso del Ministerio de Industria, la puesta en marcha de las reformas pendientes necesarias para propiciar las cuantiosas inversiones que requiere la transici\u00f3n ecol\u00f3gica del sector.<\/p>\n\n\n\n<figure class=\"wp-block-embed is-type-video is-provider-youtube wp-block-embed-youtube wp-embed-aspect-16-9 wp-has-aspect-ratio\"><div class=\"wp-block-embed__wrapper\">\n<iframe loading=\"lazy\" title=\"Presentaci\u00f3n Auto Mobility Trends 2023 | CASA SEAT\" width=\"780\" height=\"439\" src=\"https:\/\/www.youtube.com\/embed\/EriOHFJIhr0?feature=oembed\" frameborder=\"0\" allow=\"accelerometer; autoplay; clipboard-write; encrypted-media; gyroscope; picture-in-picture; web-share\" allowfullscreen><\/iframe>\n<\/div><\/figure>\n\n\n\n<h2 class=\"wp-block-heading\">Resultados del Bar\u00f3metro<\/h2>\n\n\n\n<p>La mejora del clima que reflejan los datos del sondeo transversal de las empresas de automoci\u00f3n y movilidad ha sido corroborada por los l\u00edderes del sector.<strong> El Bar\u00f3metro Auto Mobility Trends muestra una cifra r\u00e9cord del 77% de empresas que aumentan o mantienen las inversiones globales<\/strong>. Las empresas que dedican mayores recursos a sus inversiones son las de servicios de nueva movilidad, con un 75% en 2022 que aumentaron su apuesta. Le siguieron a poca distancia los fabricantes de veh\u00edculos (71%), los proveedores (44%) y los puntos de venta (36,5%).<\/p>\n\n\n\n<p>Los fabricantes de veh\u00edculos, que son los que muestran al sondeo m\u00e1s optimismo sobre la mejora de sus resultados en 2023<strong>, destacan los esfuerzos de las empresas en seguir invirtiendo en la transici\u00f3n pero manteniendo la competitividad.<\/strong> La vicepresidenta de Personas y Organizaci\u00f3n de Seat SA, Laura Carnicero, ha subrayado que el \u00aboptimismo\u00bb que demuestran en la encuesta la mayor\u00eda de las empresas es una palanca para aumentar las inversiones, especialmente en la electrificaci\u00f3n. El ejemplo m\u00e1s notorio es la propia Seat, que est\u00e1 recuperando los niveles de producci\u00f3n prepandemia e impulsa un proyecto con el grupo Vollkswagen y unas 50 empresas aliadas con una inversi\u00f3n de 10.000 millones.<\/p>\n","protected":false},"excerpt":{"rendered":"<p>El presidente de Fecavem y el Gremio del Motor y la Movilidad de Barcelona, \u200b\u200bJaume Roura, fue el primero de los ponentes que dio el pistoletazo de salida a la jornada del Bar\u00f3metro Auto Mobility Trends 2023, impulsado por Coche Global y de la mano del periodista Toni Fuentes. El acto tuvo lugar en CASA [&#8230;]<\/p>\n","protected":false},"author":2,"featured_media":11868,"comment_status":"closed","ping_status":"closed","sticky":false,"template":"","format":"standard","meta":{"footnotes":"","_links_to":"","_links_to_target":""},"categories":[103],"tags":[],"class_list":["post-11872","post","type-post","status-publish","format-standard","has-post-thumbnail","hentry","category-barcelona-es"],"_links":{"self":[{"href":"https:\/\/fecavem.com\/es\/wp-json\/wp\/v2\/posts\/11872","targetHints":{"allow":["GET"]}}],"collection":[{"href":"https:\/\/fecavem.com\/es\/wp-json\/wp\/v2\/posts"}],"about":[{"href":"https:\/\/fecavem.com\/es\/wp-json\/wp\/v2\/types\/post"}],"author":[{"embeddable":true,"href":"https:\/\/fecavem.com\/es\/wp-json\/wp\/v2\/users\/2"}],"replies":[{"embeddable":true,"href":"https:\/\/fecavem.com\/es\/wp-json\/wp\/v2\/comments?post=11872"}],"version-history":[{"count":2,"href":"https:\/\/fecavem.com\/es\/wp-json\/wp\/v2\/posts\/11872\/revisions"}],"predecessor-version":[{"id":11952,"href":"https:\/\/fecavem.com\/es\/wp-json\/wp\/v2\/posts\/11872\/revisions\/11952"}],"wp:featuredmedia":[{"embeddable":true,"href":"https:\/\/fecavem.com\/es\/wp-json\/wp\/v2\/media\/11868"}],"wp:attachment":[{"href":"https:\/\/fecavem.com\/es\/wp-json\/wp\/v2\/media?parent=11872"}],"wp:term":[{"taxonomy":"category","embeddable":true,"href":"https:\/\/fecavem.com\/es\/wp-json\/wp\/v2\/categories?post=11872"},{"taxonomy":"post_tag","embeddable":true,"href":"https:\/\/fecavem.com\/es\/wp-json\/wp\/v2\/tags?post=11872"}],"curies":[{"name":"wp","href":"https:\/\/api.w.org\/{rel}","templated":true}]}}