{"id":11941,"date":"2023-09-26T13:42:55","date_gmt":"2023-09-26T13:42:55","guid":{"rendered":"https:\/\/fecavem.com\/aspectes-clau-de-la-digitalitzacio-de-lautomocio-en-el-primer-automobile-talks-del-curs\/"},"modified":"2023-09-26T13:46:34","modified_gmt":"2023-09-26T13:46:34","slug":"aspectes-clave-digitalizacion-automocion-primer-automobile-talks-curso","status":"publish","type":"post","link":"https:\/\/fecavem.com\/es\/aspectes-clave-digitalizacion-automocion-primer-automobile-talks-curso\/","title":{"rendered":"Aspectos clave de la digitalizaci\u00f3n de la automoci\u00f3n en el primer Automobile Talks del curso"},"content":{"rendered":"\n<p>Este martes, 26 de septiembre, Fecavem y el Gremio del Motor han organizado el primer Automobile Talks de la mano del BBVA Consumer Finance, el partner de todas estas sesiones. El lugar escogido ha sido la Escuela de Negocios EADA, desde donde el profesor David Ortega ha desgranado las claves de la digitalizaci\u00f3n, el impacto del comercio exterior o las nuevas formas de interactivo con el cliente final.<\/p>\n\n\n\n<figure class=\"wp-block-image size-large\"><img loading=\"lazy\" decoding=\"async\" width=\"1024\" height=\"768\" src=\"https:\/\/fecavem.com\/wp-content\/uploads\/2023\/09\/WhatsApp-Image-2023-09-26-at-10.36.14-1024x768.jpeg\" alt=\"\" class=\"wp-image-11934\" srcset=\"https:\/\/fecavem.com\/wp-content\/uploads\/2023\/09\/WhatsApp-Image-2023-09-26-at-10.36.14-1024x768.jpeg 1024w, https:\/\/fecavem.com\/wp-content\/uploads\/2023\/09\/WhatsApp-Image-2023-09-26-at-10.36.14-300x225.jpeg 300w, https:\/\/fecavem.com\/wp-content\/uploads\/2023\/09\/WhatsApp-Image-2023-09-26-at-10.36.14-768x576.jpeg 768w, https:\/\/fecavem.com\/wp-content\/uploads\/2023\/09\/WhatsApp-Image-2023-09-26-at-10.36.14-1536x1152.jpeg 1536w, https:\/\/fecavem.com\/wp-content\/uploads\/2023\/09\/WhatsApp-Image-2023-09-26-at-10.36.14-750x563.jpeg 750w, https:\/\/fecavem.com\/wp-content\/uploads\/2023\/09\/WhatsApp-Image-2023-09-26-at-10.36.14-1140x855.jpeg 1140w, https:\/\/fecavem.com\/wp-content\/uploads\/2023\/09\/WhatsApp-Image-2023-09-26-at-10.36.14.jpeg 1600w\" sizes=\"auto, (max-width: 1024px) 100vw, 1024px\" \/><\/figure>\n\n\n\n<p>En paralelo, Jos\u00e9 Mar\u00eda Cervera, del BBVA Consumer Finance, ha ofrecido una ponencia en la que ha desgranado las claves actuales para entender el sector. En este caso, el Vicesecretario del Gremio del Motor, Pere Carles, junto al Director General del BBVA Consumer Finance en Catalu\u00f1a, Xavier Vila, han dado el pistoletazo de salida al acto. La charla ha terminado invitando a todos los interesados \u200b\u200be interesadas a un curso \u00fanico sobre digitalizaci\u00f3n que nuestra entidad, de la mano de EADA, llevar\u00e1 a cabo el pr\u00f3ximo mes de octubre de forma 100% subvencionada.<\/p>\n\n\n\n<figure class=\"wp-block-image size-large\"><img loading=\"lazy\" decoding=\"async\" width=\"1024\" height=\"768\" src=\"https:\/\/fecavem.com\/wp-content\/uploads\/2023\/09\/WhatsApp-Image-2023-09-26-at-10.30.51-1024x768.jpeg\" alt=\"\" class=\"wp-image-11936\" srcset=\"https:\/\/fecavem.com\/wp-content\/uploads\/2023\/09\/WhatsApp-Image-2023-09-26-at-10.30.51-1024x768.jpeg 1024w, https:\/\/fecavem.com\/wp-content\/uploads\/2023\/09\/WhatsApp-Image-2023-09-26-at-10.30.51-300x225.jpeg 300w, https:\/\/fecavem.com\/wp-content\/uploads\/2023\/09\/WhatsApp-Image-2023-09-26-at-10.30.51-768x576.jpeg 768w, https:\/\/fecavem.com\/wp-content\/uploads\/2023\/09\/WhatsApp-Image-2023-09-26-at-10.30.51-1536x1152.jpeg 1536w, https:\/\/fecavem.com\/wp-content\/uploads\/2023\/09\/WhatsApp-Image-2023-09-26-at-10.30.51-750x563.jpeg 750w, https:\/\/fecavem.com\/wp-content\/uploads\/2023\/09\/WhatsApp-Image-2023-09-26-at-10.30.51-1140x855.jpeg 1140w, https:\/\/fecavem.com\/wp-content\/uploads\/2023\/09\/WhatsApp-Image-2023-09-26-at-10.30.51.jpeg 1600w\" sizes=\"auto, (max-width: 1024px) 100vw, 1024px\" \/><\/figure>\n\n\n\n<p>Algunos datos remarcables que queremos compartir es que el 11% de los nuevos clientes del sector llegan \u00fanicamente a trav\u00e9s de canales digitales, de un total de 5,4 millones. Pese a las buenas cifras desde el a\u00f1o 2018, se prev\u00e9 un ligero par\u00f3n por la inflaci\u00f3n y la subida de precios, aspectos que afectan a todo el consumo privado de Espa\u00f1a: el crecimiento de promedio anual fue del -12,3% durante la pandemia de 2020; del 5,9% entre 2021 y 2022 y tan s\u00f3lo del 1,7% para 2023. Por otra parte, la procedencia de los clientes inicial ya es mayoritariamente del mundo digital. El inicio de su compra comienza por ah\u00ed en un 40% desde el punto de vista de los distribuidores oficiales; un 38% del multimarca; y un 39% de media entre ambos.<\/p>\n\n\n\n<p>Para conocer el estudio completo nos <a href=\"info@fecavem.cat\">puede escribir en nuestro correo<\/a>.<\/p>\n","protected":false},"excerpt":{"rendered":"<p>Este martes, 26 de septiembre, Fecavem y el Gremio del Motor han organizado el primer Automobile Talks de la mano del BBVA Consumer Finance, el partner de todas estas sesiones. El lugar escogido ha sido la Escuela de Negocios EADA, desde donde el profesor David Ortega ha desgranado las claves de la digitalizaci\u00f3n, el impacto [&#8230;]<\/p>\n","protected":false},"author":2,"featured_media":11939,"comment_status":"closed","ping_status":"closed","sticky":false,"template":"","format":"standard","meta":{"footnotes":"","_links_to":"","_links_to_target":""},"categories":[104,76],"tags":[],"class_list":["post-11941","post","type-post","status-publish","format-standard","has-post-thumbnail","hentry","category-automobile-talks-es","category-sin-categorizar"],"_links":{"self":[{"href":"https:\/\/fecavem.com\/es\/wp-json\/wp\/v2\/posts\/11941","targetHints":{"allow":["GET"]}}],"collection":[{"href":"https:\/\/fecavem.com\/es\/wp-json\/wp\/v2\/posts"}],"about":[{"href":"https:\/\/fecavem.com\/es\/wp-json\/wp\/v2\/types\/post"}],"author":[{"embeddable":true,"href":"https:\/\/fecavem.com\/es\/wp-json\/wp\/v2\/users\/2"}],"replies":[{"embeddable":true,"href":"https:\/\/fecavem.com\/es\/wp-json\/wp\/v2\/comments?post=11941"}],"version-history":[{"count":2,"href":"https:\/\/fecavem.com\/es\/wp-json\/wp\/v2\/posts\/11941\/revisions"}],"predecessor-version":[{"id":11945,"href":"https:\/\/fecavem.com\/es\/wp-json\/wp\/v2\/posts\/11941\/revisions\/11945"}],"wp:featuredmedia":[{"embeddable":true,"href":"https:\/\/fecavem.com\/es\/wp-json\/wp\/v2\/media\/11939"}],"wp:attachment":[{"href":"https:\/\/fecavem.com\/es\/wp-json\/wp\/v2\/media?parent=11941"}],"wp:term":[{"taxonomy":"category","embeddable":true,"href":"https:\/\/fecavem.com\/es\/wp-json\/wp\/v2\/categories?post=11941"},{"taxonomy":"post_tag","embeddable":true,"href":"https:\/\/fecavem.com\/es\/wp-json\/wp\/v2\/tags?post=11941"}],"curies":[{"name":"wp","href":"https:\/\/api.w.org\/{rel}","templated":true}]}}