{"id":12110,"date":"2023-10-18T13:52:42","date_gmt":"2023-10-18T13:52:42","guid":{"rendered":"https:\/\/fecavem.com\/ja-tenim-data-per-la-ix-jornada-automocio-de-catalunya\/"},"modified":"2023-10-18T14:44:07","modified_gmt":"2023-10-18T14:44:07","slug":"tenemos-fecha-ix-jornada-automocion-catalunya","status":"publish","type":"post","link":"https:\/\/fecavem.com\/es\/tenemos-fecha-ix-jornada-automocion-catalunya\/","title":{"rendered":"\u00a1Ya tenemos fecha para la IX Jornada Automoci\u00f3 Catalunya!"},"content":{"rendered":"\n<p><strong>La patronal catalana Fecavem y la patronal espa\u00f1ola Faconauto unen fuerzas para volver a encarar la IX Jornada Automoci\u00f3n de Catalu\u00f1a que, este a\u00f1o, se celebrar\u00e1 en la Sala VIP del Paual de Congresos de Barcelona (Avenida Reina Maria Cristina s\/n de Fira Barcelona), en el marco del Sal\u00f3n Ocasi\u00f3n.<\/strong><\/p>\n\n\n\n<p>Una cita indispensable para abordar la actualidad de nuestro sector y dar las l\u00edneas de actuaci\u00f3n que emprenderemos desde Catalu\u00f1a y el conjunto de Espa\u00f1a por parte de nuestro sector.<\/p>\n\n\n\n<p>El acto abrir\u00e1 las puertas a las 10h para poder hacer un desayuno juntos y, posteriormente, a las 10:30h daremos el pistoletazo de salida a todo el programa que le adelantamos a continuaci\u00f3n. Puede hacer ya su inscripci\u00f3n en la casilla que encontrar\u00e1 debajo. Recuerde que el acceso es gratuito, pero las plazas limitadas.<\/p>\n\n\n\n<p><strong>Agenda provisional<\/strong><\/p>\n\n\n\n<ul class=\"wp-block-list\">\n<li>Bienvenida, a cargo de Jaume Roura, Presidente del Sal\u00f3n del VO y Fecavem<\/li>\n\n\n\n<li>Antonio Garc\u00eda Olmos, Head BBVA Consumer Finance<\/li>\n\n\n\n<li>Laia Bonet, 1a. Tenencia de Alcald\u00eda del Ayuntamiento de Barcelona, \u200b\u200bde Urbanismo, Ecolog\u00eda, Movilidad y Espacio P\u00fablico&nbsp;<\/li>\n\n\n\n<li>Ponencia a cargo de Bruno Brito, Director de Operaciones Anfac<\/li>\n\n\n\n<li>Ponencia a cargo de Marcel Blanes, Responsable Relaciones Institucionales Adevinta<\/li>\n\n\n\n<li>Ponencia, a cargo de Marcos Urarte, Consultor estrat\u00e9gico y conferenciante<\/li>\n\n\n\n<li>Clausura de la sesi\u00f3n, a cargo de Roger Torrent, Consejero de Empresa y Trabajo y Marta Bl\u00e1zquez, Presidenta de Faconauto<\/li>\n<\/ul>\n\n\n\n<p>Acto conducido por la periodista N\u00faria Casas<\/p>\n\n\n\n<p><\/p>\n\n\n\n<div class=\"wp-block-buttons is-layout-flex wp-block-buttons-is-layout-flex\">\n<div class=\"wp-block-button\"><a class=\"wp-block-button__link wp-element-button\" href=\"https:\/\/docs.google.com\/forms\/d\/e\/1FAIpQLSeE-RHxcHboOHzFXOa0A76Tjv9z5sfgKNIxeCKxt1Ae7JJdRQ\/viewform\" rel=\"noopener\">\u00a1INSCR\u00cdBETE!<\/a><\/div>\n<\/div>\n","protected":false},"excerpt":{"rendered":"<p>La patronal catalana Fecavem y la patronal espa\u00f1ola Faconauto unen fuerzas para volver a encarar la IX Jornada Automoci\u00f3n de Catalu\u00f1a que, este a\u00f1o, se celebrar\u00e1 en la Sala VIP del Paual de Congresos de Barcelona (Avenida Reina Maria Cristina s\/n de Fira Barcelona), en el marco del Sal\u00f3n Ocasi\u00f3n. Una cita indispensable para abordar [&#8230;]<\/p>\n","protected":false},"author":2,"featured_media":12151,"comment_status":"closed","ping_status":"closed","sticky":false,"template":"","format":"standard","meta":{"footnotes":"","_links_to":"","_links_to_target":""},"categories":[110],"tags":[],"class_list":["post-12110","post","type-post","status-publish","format-standard","has-post-thumbnail","hentry","category-fira-barcelona-es"],"_links":{"self":[{"href":"https:\/\/fecavem.com\/es\/wp-json\/wp\/v2\/posts\/12110","targetHints":{"allow":["GET"]}}],"collection":[{"href":"https:\/\/fecavem.com\/es\/wp-json\/wp\/v2\/posts"}],"about":[{"href":"https:\/\/fecavem.com\/es\/wp-json\/wp\/v2\/types\/post"}],"author":[{"embeddable":true,"href":"https:\/\/fecavem.com\/es\/wp-json\/wp\/v2\/users\/2"}],"replies":[{"embeddable":true,"href":"https:\/\/fecavem.com\/es\/wp-json\/wp\/v2\/comments?post=12110"}],"version-history":[{"count":3,"href":"https:\/\/fecavem.com\/es\/wp-json\/wp\/v2\/posts\/12110\/revisions"}],"predecessor-version":[{"id":12114,"href":"https:\/\/fecavem.com\/es\/wp-json\/wp\/v2\/posts\/12110\/revisions\/12114"}],"wp:featuredmedia":[{"embeddable":true,"href":"https:\/\/fecavem.com\/es\/wp-json\/wp\/v2\/media\/12151"}],"wp:attachment":[{"href":"https:\/\/fecavem.com\/es\/wp-json\/wp\/v2\/media?parent=12110"}],"wp:term":[{"taxonomy":"category","embeddable":true,"href":"https:\/\/fecavem.com\/es\/wp-json\/wp\/v2\/categories?post=12110"},{"taxonomy":"post_tag","embeddable":true,"href":"https:\/\/fecavem.com\/es\/wp-json\/wp\/v2\/tags?post=12110"}],"curies":[{"name":"wp","href":"https:\/\/api.w.org\/{rel}","templated":true}]}}