{"id":12190,"date":"2023-10-30T10:01:28","date_gmt":"2023-10-30T10:01:28","guid":{"rendered":"https:\/\/fecavem.com\/gremi-motor-creix-amb-portalsalonocasion-com\/"},"modified":"2023-10-30T10:05:12","modified_gmt":"2023-10-30T10:05:12","slug":"gremi-motor-crece-portalsalonocasion","status":"publish","type":"post","link":"https:\/\/fecavem.com\/es\/gremi-motor-crece-portalsalonocasion\/","title":{"rendered":"Gremi Motor crece con Portalsalonocasion.com"},"content":{"rendered":"\n<p>Como ya informamos en una reciente publicaci\u00f3n de Infogremi, el Gremio del Motor incorpora el portal de ocasi\u00f3n Gremimotor.com, como servicio exclusivo gratuito a los asociados, en la oferta de coches y motos. Desde hace unas semanas ya est\u00e1 en funcionamiento, con un cat\u00e1logo de m\u00e1s de 500 turismos y queremos ir a m\u00e1s.<\/p>\n\n\n\n<p>As\u00ed pues, gracias al convenio vigente con Coches.net, los socios del Gremio del Motor pueden publicar gratuitamente sus ofertas de veh\u00edculos en nuestro buscador <a href=\"https:\/\/www.gremimotor.com\/\" rel=\"noopener\">Gremimotor.com<\/a>. Le recordamos que para disfrutar de este servicio exclusivo, debe ir al apartado privado de la web <a href=\"https:\/\/www.coches.net\/\" rel=\"noopener\">Coches.net<\/a>, donde se habilitar\u00e1 la casilla de pasarela con Gremimotor.com y, de forma automatizada, los anuncios que tenga publicados en Coches.net, tambi\u00e9n se actualizar\u00e1n a diario en ambos canales.<\/p>\n\n\n\n<figure class=\"wp-block-embed is-type-video is-provider-youtube wp-block-embed-youtube wp-embed-aspect-16-9 wp-has-aspect-ratio\"><div class=\"wp-block-embed__wrapper\">\n<iframe loading=\"lazy\" title=\"Publica desde coches.net PRO tus anuncios en el portal Gremi del Motor\" width=\"780\" height=\"439\" src=\"https:\/\/www.youtube.com\/embed\/I2itSmylK_4?feature=oembed\" frameborder=\"0\" allow=\"accelerometer; autoplay; clipboard-write; encrypted-media; gyroscope; picture-in-picture; web-share\" allowfullscreen><\/iframe>\n<\/div><\/figure>\n\n\n\n<p>Adem\u00e1s, durante el pr\u00f3ximo mes de noviembre, las ofertas publicadas por los asociados al portal Motor Flash, podr\u00e1n agregarse al portal <a href=\"http:\/\/www.gremimotor.com\" rel=\"noopener\">www.gremimotor.com<\/a>.\u00a0Le recordamos que toda la oferta de veh\u00edculos que figuran en este portal est\u00e1 garantizada, ya que es un servicio profesional exclusivo para agremiados.<\/p>\n\n\n\n<p>En paralelo, la otra gran novedad es que Gremimotor.com se desdobla en un segundo portal <a href=\"http:\/\/www.portalsalonocasion.com\" rel=\"noopener\">www.portalsalonocasion.com<\/a>,exclusivo para el Sal\u00f3n Ocasi\u00f3n de Barcelona. De esta manera, Fecavem y Fira Barcelona renuevan su colaboraci\u00f3n y, a partir de esta edici\u00f3n, durante los d\u00edas de celebraci\u00f3n del Sal\u00f3n, en <a href=\"http:\/\/www.portalsalonocasion.com\" rel=\"noopener\">www.portalsalonocasion.com<\/a> se publicar\u00e1 la oferta de veh\u00edculos expuestas en el recinto ferial, as\u00ed como en <a href=\"http:\/\/www.gremimotor.com\" rel=\"noopener\">www.gremimotor.com<\/a>, las ofertas comerciales agrupadas de los asociados de Fecavem y el Gremi del Motor. Una nueva ventana para agrandar nuestro abanico informativo y digitalizar este Sal\u00f3n de referencia.<\/p>\n\n\n\n<p><\/p>\n","protected":false},"excerpt":{"rendered":"<p>Como ya informamos en una reciente publicaci\u00f3n de Infogremi, el Gremio del Motor incorpora el portal de ocasi\u00f3n Gremimotor.com, como servicio exclusivo gratuito a los asociados, en la oferta de coches y motos. Desde hace unas semanas ya est\u00e1 en funcionamiento, con un cat\u00e1logo de m\u00e1s de 500 turismos y queremos ir a m\u00e1s. As\u00ed [&#8230;]<\/p>\n","protected":false},"author":2,"featured_media":12188,"comment_status":"closed","ping_status":"closed","sticky":false,"template":"","format":"standard","meta":{"footnotes":"","_links_to":"","_links_to_target":""},"categories":[110],"tags":[],"class_list":["post-12190","post","type-post","status-publish","format-standard","has-post-thumbnail","hentry","category-fira-barcelona-es"],"_links":{"self":[{"href":"https:\/\/fecavem.com\/es\/wp-json\/wp\/v2\/posts\/12190","targetHints":{"allow":["GET"]}}],"collection":[{"href":"https:\/\/fecavem.com\/es\/wp-json\/wp\/v2\/posts"}],"about":[{"href":"https:\/\/fecavem.com\/es\/wp-json\/wp\/v2\/types\/post"}],"author":[{"embeddable":true,"href":"https:\/\/fecavem.com\/es\/wp-json\/wp\/v2\/users\/2"}],"replies":[{"embeddable":true,"href":"https:\/\/fecavem.com\/es\/wp-json\/wp\/v2\/comments?post=12190"}],"version-history":[{"count":2,"href":"https:\/\/fecavem.com\/es\/wp-json\/wp\/v2\/posts\/12190\/revisions"}],"predecessor-version":[{"id":12193,"href":"https:\/\/fecavem.com\/es\/wp-json\/wp\/v2\/posts\/12190\/revisions\/12193"}],"wp:featuredmedia":[{"embeddable":true,"href":"https:\/\/fecavem.com\/es\/wp-json\/wp\/v2\/media\/12188"}],"wp:attachment":[{"href":"https:\/\/fecavem.com\/es\/wp-json\/wp\/v2\/media?parent=12190"}],"wp:term":[{"taxonomy":"category","embeddable":true,"href":"https:\/\/fecavem.com\/es\/wp-json\/wp\/v2\/categories?post=12190"},{"taxonomy":"post_tag","embeddable":true,"href":"https:\/\/fecavem.com\/es\/wp-json\/wp\/v2\/tags?post=12190"}],"curies":[{"name":"wp","href":"https:\/\/api.w.org\/{rel}","templated":true}]}}