{"id":12198,"date":"2023-10-30T10:10:33","date_gmt":"2023-10-30T10:10:33","guid":{"rendered":"https:\/\/fecavem.com\/ofertes-que-volen-el-reclam-comercial-docasion-el-salo-del-vehicle-seminou\/"},"modified":"2023-10-30T10:15:47","modified_gmt":"2023-10-30T10:15:47","slug":"ofertas-vuelan-reclamo-comercial-ocasion-vehiculo-seminuevo","status":"publish","type":"post","link":"https:\/\/fecavem.com\/es\/ofertas-vuelan-reclamo-comercial-ocasion-vehiculo-seminuevo\/","title":{"rendered":"&#8216;Ofertas que vuelan&#8217;: el reclamo comercial de Ocasi\u00f3n, el sal\u00f3n del veh\u00edculo seminuevo"},"content":{"rendered":"\n<p>Durante los d\u00edas 22 a 26 de noviembre, en el recinto ferial de Montju\u00efc, se celebrar\u00e1 la 41 edici\u00f3n de Ocasi\u00f3n, evento abierto a nuestros asociados y asociadas.<\/p>\n\n\n\n<p>Esta nueva edici\u00f3n viene marcada por la transici\u00f3n hacia un modelo h\u00edbrido, por lo que la oferta de veh\u00edculos que se concentra en el recinto ferial, estar\u00e1 disponible en <a href=\"http:\/\/www.salonocasion.com\" rel=\"noopener\">www.portalsalonocasion.com<\/a>.\u00a0Desde la p\u00e1gina noticias de esta web, <a href=\"https:\/\/fecavem.com\/es\/gremi-motor-crece-portalsalonocasion\/\">encontrar\u00e9is la noticia donde os hemos enlazado en qu\u00e9 consiste esta<\/a> nueva ventana informativa.<\/p>\n\n\n\n<p>Os recordamos que este portal est\u00e1 motorizado por el Gremio del Motor y la Movilidad de Barcelona a trav\u00e9s de <a href=\"http:\/\/www.gremimotor.com\" rel=\"noopener\">www.gremimotor.com<\/a>. Ante un escenario sectorial de crecientes recompras, mayor rotaci\u00f3n de stocks y operadores de mayor volumen, celebraremos un Sal\u00f3n m\u00e1s eficiente y con menos d\u00edas de duraci\u00f3n.<\/p>\n\n\n\n<p>Agenda el d\u00eda de la inauguraci\u00f3n porque hemos convocado dos actos, uno profesional y uno formativo. En el primero celebramos la IX Jornada de Automoci\u00f3n de Catalunya y por la tarde, la Sesi\u00f3n Formativa dirigida a los j\u00f3venes que se forman por ser los futuros comerciales del sector. Le animamos a realizar las inscripciones que recibir\u00e1 a trav\u00e9s de nuestra newsletter.<\/p>\n\n\n\n<p><\/p>\n","protected":false},"excerpt":{"rendered":"<p>Durante los d\u00edas 22 a 26 de noviembre, en el recinto ferial de Montju\u00efc, se celebrar\u00e1 la 41 edici\u00f3n de Ocasi\u00f3n, evento abierto a nuestros asociados y asociadas. Esta nueva edici\u00f3n viene marcada por la transici\u00f3n hacia un modelo h\u00edbrido, por lo que la oferta de veh\u00edculos que se concentra en el recinto ferial, estar\u00e1 [&#8230;]<\/p>\n","protected":false},"author":2,"featured_media":12196,"comment_status":"closed","ping_status":"closed","sticky":false,"template":"","format":"standard","meta":{"footnotes":"","_links_to":"","_links_to_target":""},"categories":[110],"tags":[],"class_list":["post-12198","post","type-post","status-publish","format-standard","has-post-thumbnail","hentry","category-fira-barcelona-es"],"_links":{"self":[{"href":"https:\/\/fecavem.com\/es\/wp-json\/wp\/v2\/posts\/12198","targetHints":{"allow":["GET"]}}],"collection":[{"href":"https:\/\/fecavem.com\/es\/wp-json\/wp\/v2\/posts"}],"about":[{"href":"https:\/\/fecavem.com\/es\/wp-json\/wp\/v2\/types\/post"}],"author":[{"embeddable":true,"href":"https:\/\/fecavem.com\/es\/wp-json\/wp\/v2\/users\/2"}],"replies":[{"embeddable":true,"href":"https:\/\/fecavem.com\/es\/wp-json\/wp\/v2\/comments?post=12198"}],"version-history":[{"count":2,"href":"https:\/\/fecavem.com\/es\/wp-json\/wp\/v2\/posts\/12198\/revisions"}],"predecessor-version":[{"id":12201,"href":"https:\/\/fecavem.com\/es\/wp-json\/wp\/v2\/posts\/12198\/revisions\/12201"}],"wp:featuredmedia":[{"embeddable":true,"href":"https:\/\/fecavem.com\/es\/wp-json\/wp\/v2\/media\/12196"}],"wp:attachment":[{"href":"https:\/\/fecavem.com\/es\/wp-json\/wp\/v2\/media?parent=12198"}],"wp:term":[{"taxonomy":"category","embeddable":true,"href":"https:\/\/fecavem.com\/es\/wp-json\/wp\/v2\/categories?post=12198"},{"taxonomy":"post_tag","embeddable":true,"href":"https:\/\/fecavem.com\/es\/wp-json\/wp\/v2\/tags?post=12198"}],"curies":[{"name":"wp","href":"https:\/\/api.w.org\/{rel}","templated":true}]}}