{"id":12711,"date":"2023-11-27T10:56:06","date_gmt":"2023-11-27T10:56:06","guid":{"rendered":"https:\/\/fecavem.com\/govern-espanyol-prorroga-ajudes-moves\/"},"modified":"2023-11-30T14:55:58","modified_gmt":"2023-11-30T14:55:58","slug":"gobiernoespanol-prorroga-ayudas-moves","status":"publish","type":"post","link":"https:\/\/fecavem.com\/es\/gobiernoespanol-prorroga-ayudas-moves\/","title":{"rendered":"El Gobierno prorroga las ayudas del MOVES"},"content":{"rendered":"\n<p>El pasado d\u00eda 15 de noviembre, el Gobierno de Espa\u00f1a prorrog\u00f3 hasta el 31 de julio de 2024 el plan de ayudas vigente en referencia al Moves III.<\/p>\n\n\n\n<p>As\u00ed pues, la renovaci\u00f3n del plan que <a href=\"https:\/\/www.idae.es\/ayudas-y-financiacion\/para-movilidad-y-vehiculos\/programa-moves-iii\" rel=\"noopener\">coordina el IDAE<\/a>,es una noticia que valoramos positivamente desde nuestro sector porque da continuidad a las ayudas y, a su vez, sin paralizar las ventas. Eso s\u00ed, no es necesario perder dos aspectos claves a tener en cuenta: lo primero es que debe acelerarse el cobro efectivo por los beneficiarios.<\/p>\n\n\n\n<p><strong>En Catalunya concretamente, llevamos un considerable retraso en los pagos, como se ilustra en el siguiente cuadro:<\/strong><\/p>\n\n\n\n<figure class=\"wp-block-image\"><img decoding=\"async\" src=\"https:\/\/lh7-us.googleusercontent.com\/9LRqoch-6j2M60FRsEXK5ntTQzY4Eq_iXKf_WlRkHVQkISHGBOT9A2nnHcIbjmYXgq0HDb7KJyZ7Wtvlwjj5qn4mp7e6S95SydgaB0MWsrVLNaroAF8vp0ojix0uuYkgq9LdoGeImNkvSxFRCcaRfbc\" alt=\"\"\/><\/figure>\n\n\n\n<p><\/p>\n\n\n\n<p>Y en segundo lugar,<strong> debemos tener muy presente que estamos muy por debajo de la media europea en lo que se refiere a la introducci\u00f3n de veh\u00edculos el\u00e9ctricos en el mercado estatal <\/strong>y lejos de los objetivos marcados por el Plan Nacional Integrado de Energ\u00eda y Clima (PNIEC).<\/p>\n\n\n\n<p><a href=\"https:\/\/anfac.com\/wp-content\/uploads\/2023\/11\/Barometro-Electromovilidad-ANFAC-3T-2023.pdf\" rel=\"noopener\">https:\/\/anfac.com\/wp-content\/uploads\/2023\/11\/Barometro-Electromovilidad-ANFAC-3T-2023.pdf<\/a><\/p>\n","protected":false},"excerpt":{"rendered":"<p>El pasado d\u00eda 15 de noviembre, el Gobierno de Espa\u00f1a prorrog\u00f3 hasta el 31 de julio de 2024 el plan de ayudas vigente en referencia al Moves III. As\u00ed pues, la renovaci\u00f3n del plan que coordina el IDAE,es una noticia que valoramos positivamente desde nuestro sector porque da continuidad a las ayudas y, a su [&#8230;]<\/p>\n","protected":false},"author":2,"featured_media":12707,"comment_status":"closed","ping_status":"closed","sticky":false,"template":"","format":"standard","meta":{"footnotes":"","_links_to":"","_links_to_target":""},"categories":[95],"tags":[],"class_list":["post-12711","post","type-post","status-publish","format-standard","has-post-thumbnail","hentry","category-gobierno-es"],"_links":{"self":[{"href":"https:\/\/fecavem.com\/es\/wp-json\/wp\/v2\/posts\/12711","targetHints":{"allow":["GET"]}}],"collection":[{"href":"https:\/\/fecavem.com\/es\/wp-json\/wp\/v2\/posts"}],"about":[{"href":"https:\/\/fecavem.com\/es\/wp-json\/wp\/v2\/types\/post"}],"author":[{"embeddable":true,"href":"https:\/\/fecavem.com\/es\/wp-json\/wp\/v2\/users\/2"}],"replies":[{"embeddable":true,"href":"https:\/\/fecavem.com\/es\/wp-json\/wp\/v2\/comments?post=12711"}],"version-history":[{"count":2,"href":"https:\/\/fecavem.com\/es\/wp-json\/wp\/v2\/posts\/12711\/revisions"}],"predecessor-version":[{"id":12830,"href":"https:\/\/fecavem.com\/es\/wp-json\/wp\/v2\/posts\/12711\/revisions\/12830"}],"wp:featuredmedia":[{"embeddable":true,"href":"https:\/\/fecavem.com\/es\/wp-json\/wp\/v2\/media\/12707"}],"wp:attachment":[{"href":"https:\/\/fecavem.com\/es\/wp-json\/wp\/v2\/media?parent=12711"}],"wp:term":[{"taxonomy":"category","embeddable":true,"href":"https:\/\/fecavem.com\/es\/wp-json\/wp\/v2\/categories?post=12711"},{"taxonomy":"post_tag","embeddable":true,"href":"https:\/\/fecavem.com\/es\/wp-json\/wp\/v2\/tags?post=12711"}],"curies":[{"name":"wp","href":"https:\/\/api.w.org\/{rel}","templated":true}]}}