{"id":12806,"date":"2023-11-29T09:35:53","date_gmt":"2023-11-29T09:35:53","guid":{"rendered":"https:\/\/fecavem.com\/desembre-2023-jaume-roura-gracies-associats-partners-mitjans-i-collaboradors\/"},"modified":"2023-11-29T09:40:03","modified_gmt":"2023-11-29T09:40:03","slug":"diciembre-2023-jaume-roura-gracias-asociados-partners-prensa-colaboradores","status":"publish","type":"post","link":"https:\/\/fecavem.com\/es\/diciembre-2023-jaume-roura-gracias-asociados-partners-prensa-colaboradores\/","title":{"rendered":"Diciembre 2023 | Jaume Roura: \u00abGracias asociados, partners, prensa y colaboradores\u00bb"},"content":{"rendered":"\n<p>Parece incre\u00edble que, a pesar del contexto actual de crisis econ\u00f3mica e sucesivas inestabilidades, salgamos adelante. Los datos del Sal\u00f3 Ocasi\u00f3n certifican un crecimiento de ventas respecto a 2022 con un 25% m\u00e1s de coches vendidos, cerca de los 1.000 en total. Y todo ello desde Fira Barcelona donde tambi\u00e9n celebramos la IX Jornada Automoci\u00f3n Catalana<strong>. Quiero agradecerle de forma muy especial el apoyo que mostr\u00f3, asociados, partners, medios de comunicaci\u00f3n y empresas y patronales asociadas. <\/strong>Llen\u00f3 la sala vip hasta los topes y, en los tiempos que vivimos donde la virtualidad es posible, es un m\u00e9rito captar su inter\u00e9s. Un sincero gracias.<\/p>\n\n\n\n<p>Tambi\u00e9n a las autoridades de los distintos gobiernos: <strong>el Muy Honorable Conseller de Empresa y Trabajo, Roger Torrent,<\/strong> inaugur\u00f3 conjuntamente con un servidor y la presidenta de Faconauto, Marta Bl\u00e1zquez, el Sal\u00f3n. Todo un detalle de notoriedad que nos dio un buen disparo de salida. Adem\u00e1s, certificamos la nueva etapa que hemos abierto con el Ayuntamiento de Barcelona, \u200b\u200bahora s\u00f3lo socialista, con las buenas intenciones, la escucha y el entendimiento que nos han demostrado nada m\u00e1s entrar en el consistorio. Gracias<strong> Primera Teniente de Alcalde y Concejala de Movilidad, Laia Bonet, por estar presente tambi\u00e9n en la Jornada.<\/strong><\/p>\n\n\n\n<p>La revista de este mes va cargada de contenidos, l\u00e9alos, disfruta e inf\u00f3rmese bien. Hay muchos aspectos noticiables nuevos y seguiremos en la labor de lobby que nos caracteriza, marcando perfil y nuestros intereses.<strong> Buena prueba de ello es el posicionamiento p\u00fablico que ha tenido nuestro informe sobre los impactos negativos del CO2 en Catalunya.<\/strong> Est\u00e9 atentos porque preparamos nuevas acciones para dar la vuelta a un tributo que tiene consecuencias negativas desde el punto de vista econ\u00f3mico, social, recaudatorio e, incluso, medioambiental.<\/p>\n","protected":false},"excerpt":{"rendered":"<p>Parece incre\u00edble que, a pesar del contexto actual de crisis econ\u00f3mica e sucesivas inestabilidades, salgamos adelante. Los datos del Sal\u00f3 Ocasi\u00f3n certifican un crecimiento de ventas respecto a 2022 con un 25% m\u00e1s de coches vendidos, cerca de los 1.000 en total. Y todo ello desde Fira Barcelona donde tambi\u00e9n celebramos la IX Jornada Automoci\u00f3n [&#8230;]<\/p>\n","protected":false},"author":2,"featured_media":12804,"comment_status":"closed","ping_status":"closed","sticky":false,"template":"","format":"standard","meta":{"footnotes":"","_links_to":"","_links_to_target":""},"categories":[96],"tags":[],"class_list":["post-12806","post","type-post","status-publish","format-standard","has-post-thumbnail","hentry","category-jaume-roura-es"],"_links":{"self":[{"href":"https:\/\/fecavem.com\/es\/wp-json\/wp\/v2\/posts\/12806","targetHints":{"allow":["GET"]}}],"collection":[{"href":"https:\/\/fecavem.com\/es\/wp-json\/wp\/v2\/posts"}],"about":[{"href":"https:\/\/fecavem.com\/es\/wp-json\/wp\/v2\/types\/post"}],"author":[{"embeddable":true,"href":"https:\/\/fecavem.com\/es\/wp-json\/wp\/v2\/users\/2"}],"replies":[{"embeddable":true,"href":"https:\/\/fecavem.com\/es\/wp-json\/wp\/v2\/comments?post=12806"}],"version-history":[{"count":2,"href":"https:\/\/fecavem.com\/es\/wp-json\/wp\/v2\/posts\/12806\/revisions"}],"predecessor-version":[{"id":12810,"href":"https:\/\/fecavem.com\/es\/wp-json\/wp\/v2\/posts\/12806\/revisions\/12810"}],"wp:featuredmedia":[{"embeddable":true,"href":"https:\/\/fecavem.com\/es\/wp-json\/wp\/v2\/media\/12804"}],"wp:attachment":[{"href":"https:\/\/fecavem.com\/es\/wp-json\/wp\/v2\/media?parent=12806"}],"wp:term":[{"taxonomy":"category","embeddable":true,"href":"https:\/\/fecavem.com\/es\/wp-json\/wp\/v2\/categories?post=12806"},{"taxonomy":"post_tag","embeddable":true,"href":"https:\/\/fecavem.com\/es\/wp-json\/wp\/v2\/tags?post=12806"}],"curies":[{"name":"wp","href":"https:\/\/api.w.org\/{rel}","templated":true}]}}