{"id":13264,"date":"2024-01-16T14:58:53","date_gmt":"2024-01-16T14:58:53","guid":{"rendered":"https:\/\/fecavem.com\/automocio-catalana-preveu-increment-matriculacions-15\/"},"modified":"2024-01-16T15:03:18","modified_gmt":"2024-01-16T15:03:18","slug":"automocion-catalana-preve-incremento-matriculaciones-15","status":"publish","type":"post","link":"https:\/\/fecavem.com\/es\/automocion-catalana-preve-incremento-matriculaciones-15\/","title":{"rendered":"La automoci\u00f3n catalana prev\u00e9 un incremento de matriculaciones del 1,5%"},"content":{"rendered":"\n<p><strong>La Patronal Catalana de la Automoci\u00f3n (Fecavem) ha presentado los datos de previsiones econ\u00f3micas con respecto a las matriculaciones de este 2024 en Catalu\u00f1a. Junto a MSI Sistemas de Inteligencia, se han publicado los datos finales en el marco del Automobile Talks de la mano del BBVA Consumer Finance que tambi\u00e9n ha complementado las explicaciones desde el punto de vista de tendencia macroecon\u00f3mica.<\/strong><\/p>\n\n\n\n<p>A grandes rasgos, el crecimiento para este 2024 de las matriculaciones respecto a las de 2023 ser\u00e1 del 1,5%, es decir, se pasar\u00e1n de los 118.475 turismos y 4&#215;4 matriculados el pasado a\u00f1o a los 120.274 de este a\u00f1o. Desde Fecavem, este incremento positivo sin embargo, subrayan que es moderado ya que, a diferencia de 2023 cuando se superaron perspectivas con un incremento del 16,6%, en este caso es m\u00e1s templado. La perspectiva para 2025 tambi\u00e9n es moderada con un incremento del 2,4%. Como siempre, habr\u00e1 que ver a finales de a\u00f1o c\u00f3mo han evolucionado las previsiones hechas.<\/p>\n\n\n\n<p><\/p>\n\n\n\n<figure class=\"wp-block-image size-large\"><img loading=\"lazy\" decoding=\"async\" width=\"1024\" height=\"768\" src=\"https:\/\/fecavem.com\/wp-content\/uploads\/2024\/01\/WhatsApp-Image-2024-01-16-at-15.16.17-1024x768.jpeg\" alt=\"\" class=\"wp-image-13259\" srcset=\"https:\/\/fecavem.com\/wp-content\/uploads\/2024\/01\/WhatsApp-Image-2024-01-16-at-15.16.17-1024x768.jpeg 1024w, https:\/\/fecavem.com\/wp-content\/uploads\/2024\/01\/WhatsApp-Image-2024-01-16-at-15.16.17-300x225.jpeg 300w, https:\/\/fecavem.com\/wp-content\/uploads\/2024\/01\/WhatsApp-Image-2024-01-16-at-15.16.17-768x576.jpeg 768w, https:\/\/fecavem.com\/wp-content\/uploads\/2024\/01\/WhatsApp-Image-2024-01-16-at-15.16.17-1536x1152.jpeg 1536w, https:\/\/fecavem.com\/wp-content\/uploads\/2024\/01\/WhatsApp-Image-2024-01-16-at-15.16.17-750x563.jpeg 750w, https:\/\/fecavem.com\/wp-content\/uploads\/2024\/01\/WhatsApp-Image-2024-01-16-at-15.16.17-1140x855.jpeg 1140w, https:\/\/fecavem.com\/wp-content\/uploads\/2024\/01\/WhatsApp-Image-2024-01-16-at-15.16.17.jpeg 2048w\" sizes=\"auto, (max-width: 1024px) 100vw, 1024px\" \/><\/figure>\n\n\n\n<p>Las cifras van en paralelo al ritmo del resto del Estado espa\u00f1ol. As\u00ed pues, tambi\u00e9n se ha adelantado la previsi\u00f3n para este 2024 donde en Espa\u00f1a se estiman 9982.009 turismos matriculados con un crecimiento del 3,5% respecto a 2023. Y para 2025, el crecimiento ser\u00e1 del 3,7%.<\/p>\n\n\n\n<p>Para incentivar las matriculaciones de veh\u00edculos el\u00e9ctricos y ecol\u00f3gicos, desde Fecavem se ha hecho referencia a la necesidad de reducir el plazo entre la solicitud de la ayuda Moves y el cobro por el beneficiario. Adem\u00e1s, se ha puesto de manifiesto que para estimar las ventas de la distribuci\u00f3n de automoci\u00f3n catalana, las matriculaciones s\u00f3lo reflejan parte de la cifra de negocio del sector y que es necesario recurrir a otros mecanismos, porque hay operaciones como son por ejemplo el renting, que se matriculan fuera de Catalunya.<\/p>\n\n\n\n<p><em>Adjuntamos el dossier epxlicativo con todas las cifras.<\/em><\/p>\n\n\n\n<div data-wp-interactive=\"core\/file\" class=\"wp-block-file\"><object data-wp-bind--hidden=\"!state.hasPdfPreview\" hidden class=\"wp-block-file__embed\" data=\"https:\/\/fecavem.com\/wp-content\/uploads\/2024\/01\/Tendencia-del-Mercado-2024-2025_Automobile-Talks-Enero-24.pdf\" type=\"application\/pdf\" style=\"width:100%;height:600px\" aria-label=\"Incrustado de Tendencia-del-Mercado-2024-2025_Automobile-Talks-Enero-24.\"><\/object><a id=\"wp-block-file--media-fa639da2-5503-4378-9384-242ff056f6e7\" href=\"https:\/\/fecavem.com\/wp-content\/uploads\/2024\/01\/Tendencia-del-Mercado-2024-2025_Automobile-Talks-Enero-24.pdf\">Tendencia-del-Mercado-2024-2025_Automobile-Talks-Enero-24<\/a><a href=\"https:\/\/fecavem.com\/wp-content\/uploads\/2024\/01\/Tendencia-del-Mercado-2024-2025_Automobile-Talks-Enero-24.pdf\" class=\"wp-block-file__button wp-element-button\" download aria-describedby=\"wp-block-file--media-fa639da2-5503-4378-9384-242ff056f6e7\">Descarga<\/a><\/div>\n","protected":false},"excerpt":{"rendered":"<p>La Patronal Catalana de la Automoci\u00f3n (Fecavem) ha presentado los datos de previsiones econ\u00f3micas con respecto a las matriculaciones de este 2024 en Catalu\u00f1a. Junto a MSI Sistemas de Inteligencia, se han publicado los datos finales en el marco del Automobile Talks de la mano del BBVA Consumer Finance que tambi\u00e9n ha complementado las explicaciones [&#8230;]<\/p>\n","protected":false},"author":2,"featured_media":13258,"comment_status":"closed","ping_status":"closed","sticky":false,"template":"","format":"standard","meta":{"footnotes":"","_links_to":"","_links_to_target":""},"categories":[93],"tags":[],"class_list":["post-13264","post","type-post","status-publish","format-standard","has-post-thumbnail","hentry","category-movilidad"],"_links":{"self":[{"href":"https:\/\/fecavem.com\/es\/wp-json\/wp\/v2\/posts\/13264","targetHints":{"allow":["GET"]}}],"collection":[{"href":"https:\/\/fecavem.com\/es\/wp-json\/wp\/v2\/posts"}],"about":[{"href":"https:\/\/fecavem.com\/es\/wp-json\/wp\/v2\/types\/post"}],"author":[{"embeddable":true,"href":"https:\/\/fecavem.com\/es\/wp-json\/wp\/v2\/users\/2"}],"replies":[{"embeddable":true,"href":"https:\/\/fecavem.com\/es\/wp-json\/wp\/v2\/comments?post=13264"}],"version-history":[{"count":2,"href":"https:\/\/fecavem.com\/es\/wp-json\/wp\/v2\/posts\/13264\/revisions"}],"predecessor-version":[{"id":13267,"href":"https:\/\/fecavem.com\/es\/wp-json\/wp\/v2\/posts\/13264\/revisions\/13267"}],"wp:featuredmedia":[{"embeddable":true,"href":"https:\/\/fecavem.com\/es\/wp-json\/wp\/v2\/media\/13258"}],"wp:attachment":[{"href":"https:\/\/fecavem.com\/es\/wp-json\/wp\/v2\/media?parent=13264"}],"wp:term":[{"taxonomy":"category","embeddable":true,"href":"https:\/\/fecavem.com\/es\/wp-json\/wp\/v2\/categories?post=13264"},{"taxonomy":"post_tag","embeddable":true,"href":"https:\/\/fecavem.com\/es\/wp-json\/wp\/v2\/tags?post=13264"}],"curies":[{"name":"wp","href":"https:\/\/api.w.org\/{rel}","templated":true}]}}