{"id":13389,"date":"2024-01-26T12:28:05","date_gmt":"2024-01-26T12:28:05","guid":{"rendered":"https:\/\/fecavem.com\/forma-els-teus-treballadors-en-materia-de-proteccio-dades\/"},"modified":"2024-01-29T11:17:47","modified_gmt":"2024-01-29T11:17:47","slug":"forma-trabajadores-materia-proteccion-datos","status":"publish","type":"post","link":"https:\/\/fecavem.com\/es\/forma-trabajadores-materia-proteccion-datos\/","title":{"rendered":"Forma a tus trabajadores en materia de protecci\u00f3n de datos"},"content":{"rendered":"\n<p><strong>Desde Fecavem y el Gremi del Motor i la Mobilitat de Barcelona, os presentamos una oferta formativa actualizada en materia de Protecci\u00f3n de Datos (100% adaptada al Sector Automoci\u00f3n). De la mano del centro de referencia Apemar, incorporamos importantes novedades que han de ser conocidas por toda organizaci\u00f3n, en particular, por aquellas dedicadas a la venta y postventa de veh\u00edculos, as\u00ed como sus repuestos, de lo contrario, m\u00e1s pronto que tarde se acabaran cometiendo errores u omisiones que pueden acarrear consecuencias graves (sanciones econ\u00f3micas, perdidas de reputaci\u00f3n, fugas de datos, etc.). Adem\u00e1s, el desconocer las posibilidades que la normativa brinda a las organizaciones, implica el estar perdiendo oportunidades de negocio (lujo que no nos deber\u00edamos de permitir).<\/strong><\/p>\n\n\n<div class=\"wp-block-image\">\n<figure class=\"aligncenter\"><img decoding=\"async\" src=\"https:\/\/mcusercontent.com\/1bc9eb94b767a3034de16a293\/images\/102aafcb-1dea-a929-37a0-f9c01d7c2176.png\" alt=\"\"\/><\/figure>\n<\/div>\n\n\n<p>La oferta formativa consta de 3 Talleres independientes entre s\u00ed, de manera que las personas interesadas puedan elegir aquella formaci\u00f3n que afecta directamente a su \u00e1rea de especializaci\u00f3n. En cada enlace figuran los contenidos formativos y sus tarifas.<\/p>\n\n\n\n<p><\/p>\n\n\n<div class=\"wp-block-image\">\n<figure class=\"aligncenter size-full\"><img loading=\"lazy\" decoding=\"async\" width=\"1016\" height=\"442\" src=\"https:\/\/fecavem.com\/wp-content\/uploads\/2024\/01\/image002.png\" alt=\"\" class=\"wp-image-13385\" srcset=\"https:\/\/fecavem.com\/wp-content\/uploads\/2024\/01\/image002.png 1016w, https:\/\/fecavem.com\/wp-content\/uploads\/2024\/01\/image002-300x131.png 300w, https:\/\/fecavem.com\/wp-content\/uploads\/2024\/01\/image002-768x334.png 768w, https:\/\/fecavem.com\/wp-content\/uploads\/2024\/01\/image002-750x326.png 750w\" sizes=\"auto, (max-width: 1016px) 100vw, 1016px\" \/><\/figure>\n<\/div>\n\n\n<p><\/p>\n\n\n\n<p><a href=\"https:\/\/mcusercontent.com\/1bc9eb94b767a3034de16a293\/files\/19a34bb3-d196-a724-e06f-718b7ef3c8de\/Taller_Pr\u00e1ctico_para_Responsables_RGPD_GREMI_.pdf\" target=\"_blank\" rel=\"noreferrer noopener\">\u201cTALLER PR\u00c1CTICO PARA RESPONSABLES RGPD\u201d<\/a>. (Barcelona &#8211; 13 de febrero de 2024 &#8211; GREMI DEL MOTOR). Recomendado para Responsables y Coordinadores RGPD.<\/p>\n\n\n\n<p><a href=\"https:\/\/mcusercontent.com\/1bc9eb94b767a3034de16a293\/files\/f132119c-d754-a0b6-e9b2-643aa947ef26\/Taller_Pr\u00e1ctico_para_Responsables_Marketing_CRM_y_Call_Center_GREMI_.pdf\" target=\"_blank\" rel=\"noreferrer noopener\">\u201cTALLER PR\u00c1CTICO PARA RESPONSABLES MARKETING-CRM Y CALL CENTER\u201d<\/a>. (Barcelona &#8211; 14 de febrero de 2024 &#8211; GREMI DEL MOTOR). Recomendado para Gerentes, Responsables y Coordinadores RGPD, Responsables de Marketing-CRM y Call Center.<\/p>\n\n\n\n<p><a href=\"https:\/\/mcusercontent.com\/1bc9eb94b767a3034de16a293\/files\/37c0cac2-635d-67db-ab02-5c2da41a15f5\/Taller_Pr\u00e1ctico_para_Responsables_Recursos_Humanos_GREMI_.pdf\" target=\"_blank\" rel=\"noreferrer noopener\">\u201cTALLER PR\u00c1CTICO PARA RESPONSABLES RECURSOS HUMANOS\u201d<\/a>. (Barcelona &#8211; 15 de febrero de 2024 &#8211; GREMI DEL MOTOR). Recomendado para Responsables y Coordinadores RGPD y Responsables de Recursos Humanos.<\/p>\n\n\n\n<ul class=\"wp-block-list\">\n<li><strong>\u00a1APROVECHE EL CR\u00c9DITO FUNDAE!<\/strong><\/li>\n\n\n\n<li><strong>EXISTE LA POSIBILIDAD DE IMPARTIR ESTOS CURSOS EN MODALIDAD \u201cIN COMPANY\u201d<\/strong><\/li>\n<\/ul>\n\n\n\n<div class=\"wp-block-buttons is-content-justification-center is-layout-flex wp-container-core-buttons-is-layout-16018d1d wp-block-buttons-is-layout-flex\">\n<div class=\"wp-block-button\"><a class=\"wp-block-button__link wp-element-button\" href=\"https:\/\/forms.gle\/mj4gqtaLq8yU3j3M7\" rel=\"noopener\">FORMULARIO DE INSCRIPCI\u00d3N DIRECTA<\/a><\/div>\n<\/div>\n\n\n\n<p>&nbsp;Confiamos en que la informaci\u00f3n facilitada sea de su inter\u00e9s. <\/p>\n\n\n\n<p><\/p>\n","protected":false},"excerpt":{"rendered":"<p>Desde Fecavem y el Gremi del Motor i la Mobilitat de Barcelona, os presentamos una oferta formativa actualizada en materia de Protecci\u00f3n de Datos (100% adaptada al Sector Automoci\u00f3n). De la mano del centro de referencia Apemar, incorporamos importantes novedades que han de ser conocidas por toda organizaci\u00f3n, en particular, por aquellas dedicadas a la [&#8230;]<\/p>\n","protected":false},"author":2,"featured_media":13387,"comment_status":"closed","ping_status":"closed","sticky":false,"template":"","format":"standard","meta":{"footnotes":"","_links_to":"","_links_to_target":""},"categories":[91],"tags":[],"class_list":["post-13389","post","type-post","status-publish","format-standard","has-post-thumbnail","hentry","category-gremi-del-motor-es"],"_links":{"self":[{"href":"https:\/\/fecavem.com\/es\/wp-json\/wp\/v2\/posts\/13389","targetHints":{"allow":["GET"]}}],"collection":[{"href":"https:\/\/fecavem.com\/es\/wp-json\/wp\/v2\/posts"}],"about":[{"href":"https:\/\/fecavem.com\/es\/wp-json\/wp\/v2\/types\/post"}],"author":[{"embeddable":true,"href":"https:\/\/fecavem.com\/es\/wp-json\/wp\/v2\/users\/2"}],"replies":[{"embeddable":true,"href":"https:\/\/fecavem.com\/es\/wp-json\/wp\/v2\/comments?post=13389"}],"version-history":[{"count":3,"href":"https:\/\/fecavem.com\/es\/wp-json\/wp\/v2\/posts\/13389\/revisions"}],"predecessor-version":[{"id":13404,"href":"https:\/\/fecavem.com\/es\/wp-json\/wp\/v2\/posts\/13389\/revisions\/13404"}],"wp:featuredmedia":[{"embeddable":true,"href":"https:\/\/fecavem.com\/es\/wp-json\/wp\/v2\/media\/13387"}],"wp:attachment":[{"href":"https:\/\/fecavem.com\/es\/wp-json\/wp\/v2\/media?parent=13389"}],"wp:term":[{"taxonomy":"category","embeddable":true,"href":"https:\/\/fecavem.com\/es\/wp-json\/wp\/v2\/categories?post=13389"},{"taxonomy":"post_tag","embeddable":true,"href":"https:\/\/fecavem.com\/es\/wp-json\/wp\/v2\/tags?post=13389"}],"curies":[{"name":"wp","href":"https:\/\/api.w.org\/{rel}","templated":true}]}}