{"id":13420,"date":"2024-01-29T11:31:50","date_gmt":"2024-01-29T11:31:50","guid":{"rendered":"https:\/\/fecavem.com\/fecavem-fa-publiques-les-previsions-de-mercat-pel-2024\/"},"modified":"2024-01-29T11:35:35","modified_gmt":"2024-01-29T11:35:35","slug":"fecavem-publicas-previsiones-mercado-2024","status":"publish","type":"post","link":"https:\/\/fecavem.com\/es\/fecavem-publicas-previsiones-mercado-2024\/","title":{"rendered":"Fecavem fa p\u00fabliques les previsions de mercat pel 2024"},"content":{"rendered":"\n<p>En el marco del <strong>primer Automobile Talks celebrado en la sede de Fecavem y del Gremi del Motor<\/strong>, la Patronal Catalana de la Automoci\u00f3n (Fecavem) present\u00f3 los datos de previsiones econ\u00f3micas en cuanto a las matriculaciones de este 2024 en Catalunya.<\/p>\n\n\n\n<p>Junto a <strong>MSI Sistemas de Inteligencia<\/strong>, se han publicado los datos finales en el marco del Automobile Talks de la mano del <strong>BBVA Consumer Finance <\/strong>que tambi\u00e9n ha complementado las explicaciones desde el punto de vista de tendencia macroecon\u00f3mica.<\/p>\n\n\n\n<p>A grandes rasgos, <strong>el crecimiento para este 2024 de las matriculaciones respecto a las de 2023 ser\u00e1 del 1,5%,<\/strong> es decir, se pasar\u00e1n de los 118.475 turismos y 4&#215;4 matriculados el pasado a\u00f1o a los 120.274 de este a\u00f1o. Desde Fecavem, este incremento positivo sin embargo, subrayan que es moderado ya que, a diferencia de 2023 cuando se superaron perspectivas con un incremento del 16,6%, en este caso es m\u00e1s templado. . Como siempre, habr\u00e1 que ver a finales de a\u00f1o c\u00f3mo han evolucionado las previsiones hechas.<\/p>\n\n\n\n<p><\/p>\n\n\n\n<figure class=\"wp-block-image\"><img decoding=\"async\" src=\"https:\/\/lh7-us.googleusercontent.com\/TnUfyfwOU5I7yKPBCMzmI1f5_GRxj0A5hnu5sXHohzR4vSirGncFwj_xE3SfdptmfwRvikm3Q6Ki9Cw2k7pSz2c20V7BOFGTtej4_4VUzXlYDK4DlVcoIugncNe2mv0Jdb75OfrmFBMEu6y-ws4eBlY\" alt=\"\"\/><\/figure>\n\n\n\n<p><\/p>\n\n\n\n<p>Las cifras van en paralelo al ritmo del resto del Estado espa\u00f1ol. As\u00ed pues, tambi\u00e9n se ha adelantado la previsi\u00f3n para 2024 donde<strong> en Espa\u00f1a se estiman 982.009 turismos matriculados<\/strong> con un crecimiento del 3,5% respecto a 2023.<\/p>\n\n\n\n<p>Para incentivar las matriculaciones de veh\u00edculos el\u00e9ctricos y ecol\u00f3gicos, <strong>desde Fecavem se ha hecho referencia a la necesidad de reducir el plazo <\/strong>entre la solicitud de la ayuda Moves y el cobro por el beneficiario. Adem\u00e1s, se ha puesto de manifiesto que para estimar las ventas de la distribuci\u00f3n de automoci\u00f3n catalana, las matriculaciones s\u00f3lo reflejan parte de la cifra de negocio del sector y que es necesario recurrir a otros mecanismos, porque hay operaciones como son por ejemplo el renting, que se matriculan fuera de Catalunya.<\/p>\n","protected":false},"excerpt":{"rendered":"<p>En el marco del primer Automobile Talks celebrado en la sede de Fecavem y del Gremi del Motor, la Patronal Catalana de la Automoci\u00f3n (Fecavem) present\u00f3 los datos de previsiones econ\u00f3micas en cuanto a las matriculaciones de este 2024 en Catalunya. Junto a MSI Sistemas de Inteligencia, se han publicado los datos finales en el [&#8230;]<\/p>\n","protected":false},"author":2,"featured_media":13418,"comment_status":"closed","ping_status":"closed","sticky":false,"template":"","format":"standard","meta":{"footnotes":"","_links_to":"","_links_to_target":""},"categories":[104],"tags":[],"class_list":["post-13420","post","type-post","status-publish","format-standard","has-post-thumbnail","hentry","category-automobile-talks-es"],"_links":{"self":[{"href":"https:\/\/fecavem.com\/es\/wp-json\/wp\/v2\/posts\/13420","targetHints":{"allow":["GET"]}}],"collection":[{"href":"https:\/\/fecavem.com\/es\/wp-json\/wp\/v2\/posts"}],"about":[{"href":"https:\/\/fecavem.com\/es\/wp-json\/wp\/v2\/types\/post"}],"author":[{"embeddable":true,"href":"https:\/\/fecavem.com\/es\/wp-json\/wp\/v2\/users\/2"}],"replies":[{"embeddable":true,"href":"https:\/\/fecavem.com\/es\/wp-json\/wp\/v2\/comments?post=13420"}],"version-history":[{"count":2,"href":"https:\/\/fecavem.com\/es\/wp-json\/wp\/v2\/posts\/13420\/revisions"}],"predecessor-version":[{"id":13423,"href":"https:\/\/fecavem.com\/es\/wp-json\/wp\/v2\/posts\/13420\/revisions\/13423"}],"wp:featuredmedia":[{"embeddable":true,"href":"https:\/\/fecavem.com\/es\/wp-json\/wp\/v2\/media\/13418"}],"wp:attachment":[{"href":"https:\/\/fecavem.com\/es\/wp-json\/wp\/v2\/media?parent=13420"}],"wp:term":[{"taxonomy":"category","embeddable":true,"href":"https:\/\/fecavem.com\/es\/wp-json\/wp\/v2\/categories?post=13420"},{"taxonomy":"post_tag","embeddable":true,"href":"https:\/\/fecavem.com\/es\/wp-json\/wp\/v2\/tags?post=13420"}],"curies":[{"name":"wp","href":"https:\/\/api.w.org\/{rel}","templated":true}]}}