{"id":13642,"date":"2024-02-19T15:04:16","date_gmt":"2024-02-19T15:04:16","guid":{"rendered":"https:\/\/fecavem.com\/torna-una-nova-edicio-del-congres-faconauto-inscripcions-obertes\/"},"modified":"2024-02-19T16:08:55","modified_gmt":"2024-02-19T16:08:55","slug":"vuelve-nueva-edicion-congreso-faconauto-inscripciones-abiertas","status":"publish","type":"post","link":"https:\/\/fecavem.com\/es\/vuelve-nueva-edicion-congreso-faconauto-inscripciones-abiertas\/","title":{"rendered":"Vuelve una nueva edici\u00f3n del Congreso Faconauto: \u00a1inscripciones abiertas!"},"content":{"rendered":"\n<p>Bajo el lema #Re-Evoluci\u00f3n, el Congreso Faconauto vuelve<strong> el 5 y 6 de marzo y la Patronal Catalana de la Distribuci\u00f3n de Automoci\u00f3n, FECAVEM, estar\u00e1 presente desde Madrid.<\/strong><\/p>\n\n\n\n<p>Les informamos que las entradas ya est\u00e1n a la venta con las siguientes tarifas:<\/p>\n\n\n\n<p>Concesionarios:&nbsp;&nbsp;295\u20ac + IVA *<br>Concesionarios a partir de la 2\u00aa inscripci\u00f3n:&nbsp;&nbsp;215\u20ac + IVA *<br>Resto de congresistas:&nbsp;&nbsp;750\u20ac + IVA *<\/p>\n\n\n\n<p>(*) IVA aplicado 21%<\/p>\n\n\n\n<p>Puede hacer su inscripci\u00f3n clicando este bot\u00f3n:<\/p>\n\n\n\n<div class=\"wp-block-buttons is-content-justification-center is-layout-flex wp-container-core-buttons-is-layout-16018d1d wp-block-buttons-is-layout-flex\">\n<div class=\"wp-block-button\"><a class=\"wp-block-button__link wp-element-button\" href=\"https:\/\/myaccess.events\/faconauto2024\/faconauto-2024\/register?register_form_b6f2bf88-79ea-4c3f-9028-9081dd8b063a=concesionarios\" rel=\"noopener\">INSCRIPCIONES FACONAUTO<\/a><\/div>\n<\/div>\n\n\n\n<p><\/p>\n\n\n\n<p>Este a\u00f1o, una de las novedades es el escenario\u00a0FACONAUTO LIVE\u00a0que estar\u00e1 integrado dentro de la Expo del Congreso y est\u00e1 planteado para ser un espacio muy din\u00e1mico que facilite el networking, el negocio entre empresas y para que funcione como escaparate de utilidad para a las propuestas y servicios de valor de nuestros patrocinadores para concesionarios. Ser\u00e1 un espacio habilitado para unos 120 congresistas y con una agenda propia e independiente en la que se llevar\u00e1n a cabo mesas redondas, ponencias y nuestro concurso Pitch Elevator.<\/p>\n","protected":false},"excerpt":{"rendered":"<p>Bajo el lema #Re-Evoluci\u00f3n, el Congreso Faconauto vuelve el 5 y 6 de marzo y la Patronal Catalana de la Distribuci\u00f3n de Automoci\u00f3n, FECAVEM, estar\u00e1 presente desde Madrid. Les informamos que las entradas ya est\u00e1n a la venta con las siguientes tarifas: Concesionarios:&nbsp;&nbsp;295\u20ac + IVA *Concesionarios a partir de la 2\u00aa inscripci\u00f3n:&nbsp;&nbsp;215\u20ac + IVA *Resto [&#8230;]<\/p>\n","protected":false},"author":2,"featured_media":13640,"comment_status":"closed","ping_status":"closed","sticky":false,"template":"","format":"standard","meta":{"footnotes":"","_links_to":"","_links_to_target":""},"categories":[93],"tags":[],"class_list":["post-13642","post","type-post","status-publish","format-standard","has-post-thumbnail","hentry","category-movilidad"],"_links":{"self":[{"href":"https:\/\/fecavem.com\/es\/wp-json\/wp\/v2\/posts\/13642","targetHints":{"allow":["GET"]}}],"collection":[{"href":"https:\/\/fecavem.com\/es\/wp-json\/wp\/v2\/posts"}],"about":[{"href":"https:\/\/fecavem.com\/es\/wp-json\/wp\/v2\/types\/post"}],"author":[{"embeddable":true,"href":"https:\/\/fecavem.com\/es\/wp-json\/wp\/v2\/users\/2"}],"replies":[{"embeddable":true,"href":"https:\/\/fecavem.com\/es\/wp-json\/wp\/v2\/comments?post=13642"}],"version-history":[{"count":2,"href":"https:\/\/fecavem.com\/es\/wp-json\/wp\/v2\/posts\/13642\/revisions"}],"predecessor-version":[{"id":13645,"href":"https:\/\/fecavem.com\/es\/wp-json\/wp\/v2\/posts\/13642\/revisions\/13645"}],"wp:featuredmedia":[{"embeddable":true,"href":"https:\/\/fecavem.com\/es\/wp-json\/wp\/v2\/media\/13640"}],"wp:attachment":[{"href":"https:\/\/fecavem.com\/es\/wp-json\/wp\/v2\/media?parent=13642"}],"wp:term":[{"taxonomy":"category","embeddable":true,"href":"https:\/\/fecavem.com\/es\/wp-json\/wp\/v2\/categories?post=13642"},{"taxonomy":"post_tag","embeddable":true,"href":"https:\/\/fecavem.com\/es\/wp-json\/wp\/v2\/tags?post=13642"}],"curies":[{"name":"wp","href":"https:\/\/api.w.org\/{rel}","templated":true}]}}