{"id":13713,"date":"2024-02-26T17:27:42","date_gmt":"2024-02-26T17:27:42","guid":{"rendered":"https:\/\/fecavem.com\/ja-tenim-data-per-la-trobada-amb-els-comercials-del-futur-i-els-nostres-agremiats\/"},"modified":"2024-02-26T17:32:10","modified_gmt":"2024-02-26T17:32:10","slug":"fecha-encuentro-comerciales-futuro-nuestros-agremiados","status":"publish","type":"post","link":"https:\/\/fecavem.com\/es\/fecha-encuentro-comerciales-futuro-nuestros-agremiados\/","title":{"rendered":"\u00a1Ya tenemos fecha para el encuentro con los comerciales del futuro y nuestros agremiados!"},"content":{"rendered":"\n<p>Desde <strong>el Gremi del Motor i la Mobilitat de Barcelona, \u200b\u200ble informamos que el pr\u00f3ximo 18 de abril de este a\u00f1o, convocaremos a las empresas agremiadas en el punto de encuentro para poner en contacto a alumnos del Curso de Comerciales de la automoci\u00f3n y las empresas que los acogen.<\/strong><\/p>\n\n\n\n<p>De este modo, el Gremio del Motor, pero tambi\u00e9n toda la patronal catalana Fecavem, <strong>colaboramos activamente en la formaci\u00f3n del joven alumnado del curso para comerciales de automoci\u00f3n, un programa de Formaci\u00f3n Profesional de Grado Superior de Gesti\u00f3n de Ventas y Espacios Comerciales,<\/strong> en r\u00e9gimen de alternancia dual, que certific\u00f3 su \u00e9xito de asistencia en la \u00faltima jornada celebrada desde el Sal\u00f3n del VO en Fira Barcelona.<\/p>\n\n\n\n<h2 class=\"wp-block-heading\">Conoce a los institutos<\/h2>\n\n\n\n<p>As\u00ed pues, desde el pasado mes de septiembre, los alumnos con los que colaboramos pertenecen a los siguientes Institutos:<\/p>\n\n\n\n<ul class=\"wp-block-list\">\n<li>Barcelona &#8211; Joan Brossa&nbsp;<\/li>\n\n\n\n<li>Terrassa&nbsp; &#8211; Montserrat Roig <\/li>\n\n\n\n<li>Sant Boi de Llobregat &#8211; Marianao<\/li>\n<\/ul>\n\n\n\n<p>Todo el alumnado ha asistido a la formaci\u00f3n en su respectivo centro formativo y, para completar la formaci\u00f3n, los agremiados que voluntariamente quieran participar, tienen la oportunidad de acogerlos, haciendo el per\u00edodo de integraci\u00f3n para conocer de primera mano las tareas y responsabilidades laborales.<\/p>\n\n\n\n<h2 class=\"wp-block-heading\">Apuesta por la FP Dual<\/h2>\n\n\n\n<p>Al finalizar el curso, el pr\u00f3ximo mes de junio, se hace un primer contacto con la empresa y en septiembre, coincidiendo con el segundo curso del alumno, <strong>se comienza el per\u00edodo DUAL combinando dos d\u00edas en el centro educativo y tres d\u00edas de aprendizaje en la misma empresa agremiada.<\/strong><\/p>\n\n\n\n<p>De esta forma,<strong> Fecavem y el Gremi del Motor i la Mobilitat de Barcelona velan por la calidad del programa, especialmente para que los contenidos est\u00e9n actualizados y los alumnos hayan tenido ya una primera aproximaci\u00f3n a nuestro sector laboral. <\/strong>Ahora ya ha llegado el momento en que abrimos la participaci\u00f3n en las empresas asociadas y puedan entrar en contacto con alumnos que se preparan para incorporarse al mercado laboral. Encontrar\u00e1 m\u00e1s informaci\u00f3n en el Gremio del Motor. Reserva la fecha para asistir y dar la bienvenida a los j\u00f3venes.<\/p>\n","protected":false},"excerpt":{"rendered":"<p>Desde el Gremi del Motor i la Mobilitat de Barcelona, \u200b\u200ble informamos que el pr\u00f3ximo 18 de abril de este a\u00f1o, convocaremos a las empresas agremiadas en el punto de encuentro para poner en contacto a alumnos del Curso de Comerciales de la automoci\u00f3n y las empresas que los acogen. De este modo, el Gremio [&#8230;]<\/p>\n","protected":false},"author":2,"featured_media":13776,"comment_status":"closed","ping_status":"closed","sticky":false,"template":"","format":"standard","meta":{"footnotes":"","_links_to":"","_links_to_target":""},"categories":[105],"tags":[],"class_list":["post-13713","post","type-post","status-publish","format-standard","has-post-thumbnail","hentry","category-motor-es"],"_links":{"self":[{"href":"https:\/\/fecavem.com\/es\/wp-json\/wp\/v2\/posts\/13713","targetHints":{"allow":["GET"]}}],"collection":[{"href":"https:\/\/fecavem.com\/es\/wp-json\/wp\/v2\/posts"}],"about":[{"href":"https:\/\/fecavem.com\/es\/wp-json\/wp\/v2\/types\/post"}],"author":[{"embeddable":true,"href":"https:\/\/fecavem.com\/es\/wp-json\/wp\/v2\/users\/2"}],"replies":[{"embeddable":true,"href":"https:\/\/fecavem.com\/es\/wp-json\/wp\/v2\/comments?post=13713"}],"version-history":[{"count":2,"href":"https:\/\/fecavem.com\/es\/wp-json\/wp\/v2\/posts\/13713\/revisions"}],"predecessor-version":[{"id":13717,"href":"https:\/\/fecavem.com\/es\/wp-json\/wp\/v2\/posts\/13713\/revisions\/13717"}],"wp:featuredmedia":[{"embeddable":true,"href":"https:\/\/fecavem.com\/es\/wp-json\/wp\/v2\/media\/13776"}],"wp:attachment":[{"href":"https:\/\/fecavem.com\/es\/wp-json\/wp\/v2\/media?parent=13713"}],"wp:term":[{"taxonomy":"category","embeddable":true,"href":"https:\/\/fecavem.com\/es\/wp-json\/wp\/v2\/categories?post=13713"},{"taxonomy":"post_tag","embeddable":true,"href":"https:\/\/fecavem.com\/es\/wp-json\/wp\/v2\/tags?post=13713"}],"curies":[{"name":"wp","href":"https:\/\/api.w.org\/{rel}","templated":true}]}}