{"id":13731,"date":"2024-02-26T17:55:15","date_gmt":"2024-02-26T17:55:15","guid":{"rendered":"https:\/\/fecavem.com\/fecavem-es-reuneix-amb-el-director-general-de-comerc-de-la-generalitat-de-catalunya\/"},"modified":"2024-02-26T17:58:48","modified_gmt":"2024-02-26T17:58:48","slug":"fecavem-reune-director-general-comercio-generalitat-catalunya","status":"publish","type":"post","link":"https:\/\/fecavem.com\/es\/fecavem-reune-director-general-comercio-generalitat-catalunya\/","title":{"rendered":"Fecavem se re\u00fane con el Director General de Comer\u00e7 de la Generalitat de Catalunya"},"content":{"rendered":"\n<p>El vicesecretario del <strong>Gremi del Motor i la Mobilitat de Barcelona, \u200b\u200bEsteban Tom\u00e1s, y el Secretario General y Portavoz de Fecavem y el Gremi del Motor, Joan Blancafort, <\/strong>han mantenido una reuni\u00f3n institucional con el <strong>Director General de Comercio, Jordi Torrades y la Jefa de el \u00c1rea de Comercio del Consorcio de Comercio Artesan\u00eda y Moda de la Generalitat de Catalunya, Marta Raurell.<\/strong><\/p>\n\n\n\n<p>Este encuentro se enmarca en la relaci\u00f3n entre la Direcci\u00f3n General de Comercio con la representaci\u00f3n del comercio de la rama automoci\u00f3n y ha servido para <strong>transmitir los indicadores clave del sector y los retos, oportunidades, debilidades y amenazas que afrontamos en estos momentos.<\/strong><\/p>\n\n\n\n<p>El compromiso adquirido por ambas partes es la voluntad de continuar colaborando y fortalecer el marco de colaboraci\u00f3n entre la Direcci\u00f3n General, el Gremi y su Federaci\u00f3n. Le informaremos de los acuerdos que a partir de ahora se vayan cerrando a partir de ahora.<\/p>\n","protected":false},"excerpt":{"rendered":"<p>El vicesecretario del Gremi del Motor i la Mobilitat de Barcelona, \u200b\u200bEsteban Tom\u00e1s, y el Secretario General y Portavoz de Fecavem y el Gremi del Motor, Joan Blancafort, han mantenido una reuni\u00f3n institucional con el Director General de Comercio, Jordi Torrades y la Jefa de el \u00c1rea de Comercio del Consorcio de Comercio Artesan\u00eda y [&#8230;]<\/p>\n","protected":false},"author":2,"featured_media":13729,"comment_status":"closed","ping_status":"closed","sticky":false,"template":"","format":"standard","meta":{"footnotes":"","_links_to":"","_links_to_target":""},"categories":[92],"tags":[],"class_list":["post-13731","post","type-post","status-publish","format-standard","has-post-thumbnail","hentry","category-govern-es"],"_links":{"self":[{"href":"https:\/\/fecavem.com\/es\/wp-json\/wp\/v2\/posts\/13731","targetHints":{"allow":["GET"]}}],"collection":[{"href":"https:\/\/fecavem.com\/es\/wp-json\/wp\/v2\/posts"}],"about":[{"href":"https:\/\/fecavem.com\/es\/wp-json\/wp\/v2\/types\/post"}],"author":[{"embeddable":true,"href":"https:\/\/fecavem.com\/es\/wp-json\/wp\/v2\/users\/2"}],"replies":[{"embeddable":true,"href":"https:\/\/fecavem.com\/es\/wp-json\/wp\/v2\/comments?post=13731"}],"version-history":[{"count":2,"href":"https:\/\/fecavem.com\/es\/wp-json\/wp\/v2\/posts\/13731\/revisions"}],"predecessor-version":[{"id":13735,"href":"https:\/\/fecavem.com\/es\/wp-json\/wp\/v2\/posts\/13731\/revisions\/13735"}],"wp:featuredmedia":[{"embeddable":true,"href":"https:\/\/fecavem.com\/es\/wp-json\/wp\/v2\/media\/13729"}],"wp:attachment":[{"href":"https:\/\/fecavem.com\/es\/wp-json\/wp\/v2\/media?parent=13731"}],"wp:term":[{"taxonomy":"category","embeddable":true,"href":"https:\/\/fecavem.com\/es\/wp-json\/wp\/v2\/categories?post=13731"},{"taxonomy":"post_tag","embeddable":true,"href":"https:\/\/fecavem.com\/es\/wp-json\/wp\/v2\/tags?post=13731"}],"curies":[{"name":"wp","href":"https:\/\/api.w.org\/{rel}","templated":true}]}}