{"id":13738,"date":"2024-02-26T18:02:25","date_gmt":"2024-02-26T18:02:25","guid":{"rendered":"https:\/\/fecavem.com\/ja-publiques-les-teves-ofertes-de-cotxe-o-moto-a-www-gremimotor-com\/"},"modified":"2024-02-26T18:14:34","modified_gmt":"2024-02-26T18:14:34","slug":"publicas-ofertas-coche-moto-www-gremimotor-com","status":"publish","type":"post","link":"https:\/\/fecavem.com\/es\/publicas-ofertas-coche-moto-www-gremimotor-com\/","title":{"rendered":"\u00bfYa publicas tus ofertas de coche o moto en www.gremimotor.com?"},"content":{"rendered":"\n<p>Desde nuestro portal www.gremimotor.com, presentamos una amplia oferta de coches y motos usados \u200b\u200bde los profesionales del motor de Barcelona y provincia y est\u00e1 abierto a los socios de las asociaciones provinciales de Fecavem.<\/p>\n\n\n\n<p>De esta forma, disponemos de pasarelas activas con la plataforma de servicios digitales para la automoci\u00f3n www.inventario.pro, con los buscadores www.coches.net y www.motos.net y www.motorflash.com, as\u00ed como con la agencia de servicios ditigales en automoci\u00f3n www.tilomotion.com.<\/p>\n\n\n\n<p>Le recordamos que el Gremio del Motor y la Movilidad de Barcelona<strong> re\u00fane m\u00e1s de 3.000 ofertas en su portal y con un elemento de gran valor a\u00f1adido: todas ellas son de profesionales del motor asociados, una propuesta comercial que aporta garant\u00eda y calidad al comprador final.<\/strong><\/p>\n\n\n\n<p>Conjuntamente, ofrecemos a la ciudadan\u00eda ya los potenciales compradores una selecci\u00f3n de ofertas que tiene como denominador com\u00fan que todos los veh\u00edculos proceden de un profesional del motor asociado y que cuenta con el apoyo de nuestra asociaci\u00f3n.<\/p>\n","protected":false},"excerpt":{"rendered":"<p>Desde nuestro portal www.gremimotor.com, presentamos una amplia oferta de coches y motos usados \u200b\u200bde los profesionales del motor de Barcelona y provincia y est\u00e1 abierto a los socios de las asociaciones provinciales de Fecavem. De esta forma, disponemos de pasarelas activas con la plataforma de servicios digitales para la automoci\u00f3n www.inventario.pro, con los buscadores www.coches.net [&#8230;]<\/p>\n","protected":false},"author":2,"featured_media":12572,"comment_status":"closed","ping_status":"closed","sticky":false,"template":"","format":"standard","meta":{"footnotes":"","_links_to":"","_links_to_target":""},"categories":[91],"tags":[],"class_list":["post-13738","post","type-post","status-publish","format-standard","has-post-thumbnail","hentry","category-gremi-del-motor-es"],"_links":{"self":[{"href":"https:\/\/fecavem.com\/es\/wp-json\/wp\/v2\/posts\/13738","targetHints":{"allow":["GET"]}}],"collection":[{"href":"https:\/\/fecavem.com\/es\/wp-json\/wp\/v2\/posts"}],"about":[{"href":"https:\/\/fecavem.com\/es\/wp-json\/wp\/v2\/types\/post"}],"author":[{"embeddable":true,"href":"https:\/\/fecavem.com\/es\/wp-json\/wp\/v2\/users\/2"}],"replies":[{"embeddable":true,"href":"https:\/\/fecavem.com\/es\/wp-json\/wp\/v2\/comments?post=13738"}],"version-history":[{"count":2,"href":"https:\/\/fecavem.com\/es\/wp-json\/wp\/v2\/posts\/13738\/revisions"}],"predecessor-version":[{"id":13741,"href":"https:\/\/fecavem.com\/es\/wp-json\/wp\/v2\/posts\/13738\/revisions\/13741"}],"wp:featuredmedia":[{"embeddable":true,"href":"https:\/\/fecavem.com\/es\/wp-json\/wp\/v2\/media\/12572"}],"wp:attachment":[{"href":"https:\/\/fecavem.com\/es\/wp-json\/wp\/v2\/media?parent=13738"}],"wp:term":[{"taxonomy":"category","embeddable":true,"href":"https:\/\/fecavem.com\/es\/wp-json\/wp\/v2\/categories?post=13738"},{"taxonomy":"post_tag","embeddable":true,"href":"https:\/\/fecavem.com\/es\/wp-json\/wp\/v2\/tags?post=13738"}],"curies":[{"name":"wp","href":"https:\/\/api.w.org\/{rel}","templated":true}]}}