{"id":13751,"date":"2024-02-29T11:44:54","date_gmt":"2024-02-29T11:44:54","guid":{"rendered":"https:\/\/fecavem.com\/upm-convoca-eleccions-jaume-roura-presenta-candidatura\/"},"modified":"2024-02-29T11:48:24","modified_gmt":"2024-02-29T11:48:24","slug":"upm-convoca-elecciones-jaume-roura-presenta-su-candidatura","status":"publish","type":"post","link":"https:\/\/fecavem.com\/es\/upm-convoca-elecciones-jaume-roura-presenta-su-candidatura\/","title":{"rendered":"La UPM convoca elecciones y Jaume Roura presenta su candidatura"},"content":{"rendered":"\n<p>Jaume Roura i Calls,<strong> Presidente del Gremio del Motor y la Movilidad de Barcelona y Presidente de Fecavem, ha hecho p\u00fablica su intenci\u00f3n de volver a presentarse a la Presidencia de la Uni\u00f3n Patronal Metal\u00fargica (UPM),<\/strong> para poder continuar con el proyecto que inici\u00f3 en 2020, justo antes de que estallara la pandemia por c\u00f3vido.<\/p>\n\n\n\n<p>En una carta dirigida a los electores, pide la confianza y apoyo como Presidente de la UPM en las elecciones que se celebrar\u00e1n el pr\u00f3ximo martes, <strong>5 de marzo, con el prop\u00f3sito de poder cumplir los objetivos que se marca y en defensa de los intereses de las industrias metal\u00fargicas, comercio del metal y servicios.<\/strong><\/p>\n\n\n\n<p>Su presidencia aporta al Gremio del Motor y la Movilidad de Barcelona, \u200b\u200bla posibilidad de participar de forma directa en la negociaci\u00f3n de<strong> los convenios laborales del pr\u00f3ximo a\u00f1o, ante la complicada pol\u00edtica que tenemos y reforzar el v\u00ednculo con las patronales Foment del Treball, Confemetal y CEOE. <\/strong>As\u00ed como, dotar de mayor apoyo para reforzar el departamento formativo de nuestra entidad.<\/p>\n","protected":false},"excerpt":{"rendered":"<p>Jaume Roura i Calls, Presidente del Gremio del Motor y la Movilidad de Barcelona y Presidente de Fecavem, ha hecho p\u00fablica su intenci\u00f3n de volver a presentarse a la Presidencia de la Uni\u00f3n Patronal Metal\u00fargica (UPM), para poder continuar con el proyecto que inici\u00f3 en 2020, justo antes de que estallara la pandemia por c\u00f3vido. [&#8230;]<\/p>\n","protected":false},"author":2,"featured_media":13749,"comment_status":"closed","ping_status":"closed","sticky":false,"template":"","format":"standard","meta":{"footnotes":"","_links_to":"","_links_to_target":""},"categories":[91],"tags":[],"class_list":["post-13751","post","type-post","status-publish","format-standard","has-post-thumbnail","hentry","category-gremi-del-motor-es"],"_links":{"self":[{"href":"https:\/\/fecavem.com\/es\/wp-json\/wp\/v2\/posts\/13751","targetHints":{"allow":["GET"]}}],"collection":[{"href":"https:\/\/fecavem.com\/es\/wp-json\/wp\/v2\/posts"}],"about":[{"href":"https:\/\/fecavem.com\/es\/wp-json\/wp\/v2\/types\/post"}],"author":[{"embeddable":true,"href":"https:\/\/fecavem.com\/es\/wp-json\/wp\/v2\/users\/2"}],"replies":[{"embeddable":true,"href":"https:\/\/fecavem.com\/es\/wp-json\/wp\/v2\/comments?post=13751"}],"version-history":[{"count":1,"href":"https:\/\/fecavem.com\/es\/wp-json\/wp\/v2\/posts\/13751\/revisions"}],"predecessor-version":[{"id":13753,"href":"https:\/\/fecavem.com\/es\/wp-json\/wp\/v2\/posts\/13751\/revisions\/13753"}],"wp:featuredmedia":[{"embeddable":true,"href":"https:\/\/fecavem.com\/es\/wp-json\/wp\/v2\/media\/13749"}],"wp:attachment":[{"href":"https:\/\/fecavem.com\/es\/wp-json\/wp\/v2\/media?parent=13751"}],"wp:term":[{"taxonomy":"category","embeddable":true,"href":"https:\/\/fecavem.com\/es\/wp-json\/wp\/v2\/categories?post=13751"},{"taxonomy":"post_tag","embeddable":true,"href":"https:\/\/fecavem.com\/es\/wp-json\/wp\/v2\/tags?post=13751"}],"curies":[{"name":"wp","href":"https:\/\/api.w.org\/{rel}","templated":true}]}}