{"id":13958,"date":"2024-03-21T15:22:57","date_gmt":"2024-03-21T15:22:57","guid":{"rendered":"https:\/\/fecavem.com\/fecavem-reuneix-diferents-actors-automocio-congres-faconauto\/"},"modified":"2024-03-21T15:28:00","modified_gmt":"2024-03-21T15:28:00","slug":"fecavem-reune-diferentes-actores-automocion-congreso-faconauto","status":"publish","type":"post","link":"https:\/\/fecavem.com\/es\/fecavem-reune-diferentes-actores-automocion-congreso-faconauto\/","title":{"rendered":"Fecavem se re\u00fane con diferentes actores de la automoci\u00f3n desde el Congreso Faconauto"},"content":{"rendered":"\n<p>El Congreso <a href=\"https:\/\/www.congresofaconauto.com\/\" rel=\"noopener\">Faconauto 2024<\/a>\u00a0volvi\u00f3 a ser el punto de encuentro de la industria, tanto a nivel nacional como internacional, reuniendo as\u00ed al conjunto de actores que cuidan la salud de un sector estrat\u00e9gico en la econom\u00eda de nuestro pa\u00eds. La \u00faltima edici\u00f3n del Congreso, la trig\u00e9simo tercera, no fue una edici\u00f3n m\u00e1s en la historia de la patronal de los concesionarios, ya que consigui\u00f3 congregar a cerca de 2.000 personas en el Palacio Municipal de IFEMA Madrid a lo largo de las dos jornadas, lo que supone un nuevo r\u00e9cord de asistencia del evento m\u00e1s relevante del sector en Espa\u00f1a.<\/p>\n\n\n\n<figure class=\"wp-block-image size-large is-resized\"><img loading=\"lazy\" decoding=\"async\" width=\"768\" height=\"1024\" src=\"https:\/\/fecavem.com\/wp-content\/uploads\/2024\/03\/faconauto4-768x1024.jpeg\" alt=\"\" class=\"wp-image-13953\" style=\"width:451px;height:auto\" srcset=\"https:\/\/fecavem.com\/wp-content\/uploads\/2024\/03\/faconauto4-768x1024.jpeg 768w, https:\/\/fecavem.com\/wp-content\/uploads\/2024\/03\/faconauto4-225x300.jpeg 225w, https:\/\/fecavem.com\/wp-content\/uploads\/2024\/03\/faconauto4-1152x1536.jpeg 1152w, https:\/\/fecavem.com\/wp-content\/uploads\/2024\/03\/faconauto4-750x1000.jpeg 750w, https:\/\/fecavem.com\/wp-content\/uploads\/2024\/03\/faconauto4-1140x1519.jpeg 1140w, https:\/\/fecavem.com\/wp-content\/uploads\/2024\/03\/faconauto4.jpeg 1280w\" sizes=\"auto, (max-width: 768px) 100vw, 768px\" \/><\/figure>\n\n\n\n<p>El <strong>Portavoz y Secretario General de Fecavem y el Gremio del Motor y la Movilidad de Barcelona, \u200b\u200bJoan Blancafort, viaj\u00f3 hasta Madrid para reunirse con diferentes socios y posibles colaboradores<\/strong>, as\u00ed como conocer las \u00faltimas tendencias del mercado. Algunos de los contactos que sirvieron para sumar sinergias fueron con Glasurit, Inventario.pro, GANVAM, DAT Autom\u00f3vil Ib\u00e9rica o Enterprise, entre otros.<\/p>\n\n\n\n<figure class=\"wp-block-image size-large is-resized\"><img loading=\"lazy\" decoding=\"async\" width=\"1024\" height=\"768\" src=\"https:\/\/fecavem.com\/wp-content\/uploads\/2024\/03\/faconauto1-1024x768.jpeg\" alt=\"\" class=\"wp-image-13947\" style=\"width:564px;height:auto\" srcset=\"https:\/\/fecavem.com\/wp-content\/uploads\/2024\/03\/faconauto1-1024x768.jpeg 1024w, https:\/\/fecavem.com\/wp-content\/uploads\/2024\/03\/faconauto1-300x225.jpeg 300w, https:\/\/fecavem.com\/wp-content\/uploads\/2024\/03\/faconauto1-768x576.jpeg 768w, https:\/\/fecavem.com\/wp-content\/uploads\/2024\/03\/faconauto1-1536x1152.jpeg 1536w, https:\/\/fecavem.com\/wp-content\/uploads\/2024\/03\/faconauto1-750x563.jpeg 750w, https:\/\/fecavem.com\/wp-content\/uploads\/2024\/03\/faconauto1-1140x855.jpeg 1140w, https:\/\/fecavem.com\/wp-content\/uploads\/2024\/03\/faconauto1.jpeg 1600w\" sizes=\"auto, (max-width: 1024px) 100vw, 1024px\" \/><\/figure>\n\n\n\n<p>Tambi\u00e9n fue un buen punto de encuentro para compartir impresiones con las cuatro provincias catalanas: Barcelona, \u200b\u200bLleida, Girona y Tarragona. <strong>Y con sus respectivos representantes del Gremio del Motor, la Asociaci\u00f3n Provincial de Empresas de Automoci\u00f3n de Lleida, CORVE Girona y Astave Tarragona.<\/strong><\/p>\n\n\n\n<figure class=\"wp-block-image size-large is-resized\"><img loading=\"lazy\" decoding=\"async\" width=\"768\" height=\"1024\" src=\"https:\/\/fecavem.com\/wp-content\/uploads\/2024\/03\/faconauto2-768x1024.jpeg\" alt=\"\" class=\"wp-image-13949\" style=\"width:432px;height:auto\" srcset=\"https:\/\/fecavem.com\/wp-content\/uploads\/2024\/03\/faconauto2-768x1024.jpeg 768w, https:\/\/fecavem.com\/wp-content\/uploads\/2024\/03\/faconauto2-225x300.jpeg 225w, https:\/\/fecavem.com\/wp-content\/uploads\/2024\/03\/faconauto2-1152x1536.jpeg 1152w, https:\/\/fecavem.com\/wp-content\/uploads\/2024\/03\/faconauto2-750x1000.jpeg 750w, https:\/\/fecavem.com\/wp-content\/uploads\/2024\/03\/faconauto2-1140x1520.jpeg 1140w, https:\/\/fecavem.com\/wp-content\/uploads\/2024\/03\/faconauto2.jpeg 1200w\" sizes=\"auto, (max-width: 768px) 100vw, 768px\" \/><\/figure>\n\n\n\n<p>El \u00e9xito de Faconauto 2024 no se puede explicar sin las\u00a075 empresas patrocinadoras que apoyaron el evento\u00a0y hicieron un espacio \u00fanico,<strong> en el que se compartieron conocimientos y valiosas experiencias vividas en el mundo del autom\u00f3vil, bajo el lema #Re_Evoluci\u00f3n\u00a0que posiciona a la automoci\u00f3n como protagonista indiscutible<\/strong> del cambio hacia un futuro m\u00e1s sostenible.<\/p>\n\n\n\n<figure class=\"wp-block-image size-large is-resized\"><img loading=\"lazy\" decoding=\"async\" width=\"768\" height=\"1024\" src=\"https:\/\/fecavem.com\/wp-content\/uploads\/2024\/03\/faconauto3-768x1024.jpeg\" alt=\"\" class=\"wp-image-13951\" style=\"width:436px;height:auto\" srcset=\"https:\/\/fecavem.com\/wp-content\/uploads\/2024\/03\/faconauto3-768x1024.jpeg 768w, https:\/\/fecavem.com\/wp-content\/uploads\/2024\/03\/faconauto3-225x300.jpeg 225w, https:\/\/fecavem.com\/wp-content\/uploads\/2024\/03\/faconauto3-1152x1536.jpeg 1152w, https:\/\/fecavem.com\/wp-content\/uploads\/2024\/03\/faconauto3-750x1000.jpeg 750w, https:\/\/fecavem.com\/wp-content\/uploads\/2024\/03\/faconauto3-1140x1520.jpeg 1140w, https:\/\/fecavem.com\/wp-content\/uploads\/2024\/03\/faconauto3.jpeg 1200w\" sizes=\"auto, (max-width: 768px) 100vw, 768px\" \/><\/figure>\n\n\n\n<p><\/p>\n\n\n\n<p>Faconauto 2024 tambi\u00e9n recibi\u00f3 durante las dos jornadas la visita de importantes representantes institucionales. Borja S\u00e9mper, vicesecretario de Cultura y portavoz del PP,<strong> inaugur\u00f3 con Marta Bl\u00e1zquez, presidenta de Faconauto; Wayne Griffiths, presidente de la patronal de los fabricantes de veh\u00edculos, Anfac; <\/strong>y Francisco J. Riberas, presidente de la patronal de los fabricantes de componentes, Sernauto\u00a0esta edici\u00f3n del congreso.<\/p>\n\n\n\n<p><\/p>\n","protected":false},"excerpt":{"rendered":"<p>El Congreso Faconauto 2024\u00a0volvi\u00f3 a ser el punto de encuentro de la industria, tanto a nivel nacional como internacional, reuniendo as\u00ed al conjunto de actores que cuidan la salud de un sector estrat\u00e9gico en la econom\u00eda de nuestro pa\u00eds. La \u00faltima edici\u00f3n del Congreso, la trig\u00e9simo tercera, no fue una edici\u00f3n m\u00e1s en la historia [&#8230;]<\/p>\n","protected":false},"author":2,"featured_media":13956,"comment_status":"closed","ping_status":"closed","sticky":false,"template":"","format":"standard","meta":{"footnotes":"","_links_to":"","_links_to_target":""},"categories":[103],"tags":[],"class_list":["post-13958","post","type-post","status-publish","format-standard","has-post-thumbnail","hentry","category-barcelona-es"],"_links":{"self":[{"href":"https:\/\/fecavem.com\/es\/wp-json\/wp\/v2\/posts\/13958","targetHints":{"allow":["GET"]}}],"collection":[{"href":"https:\/\/fecavem.com\/es\/wp-json\/wp\/v2\/posts"}],"about":[{"href":"https:\/\/fecavem.com\/es\/wp-json\/wp\/v2\/types\/post"}],"author":[{"embeddable":true,"href":"https:\/\/fecavem.com\/es\/wp-json\/wp\/v2\/users\/2"}],"replies":[{"embeddable":true,"href":"https:\/\/fecavem.com\/es\/wp-json\/wp\/v2\/comments?post=13958"}],"version-history":[{"count":2,"href":"https:\/\/fecavem.com\/es\/wp-json\/wp\/v2\/posts\/13958\/revisions"}],"predecessor-version":[{"id":13963,"href":"https:\/\/fecavem.com\/es\/wp-json\/wp\/v2\/posts\/13958\/revisions\/13963"}],"wp:featuredmedia":[{"embeddable":true,"href":"https:\/\/fecavem.com\/es\/wp-json\/wp\/v2\/media\/13956"}],"wp:attachment":[{"href":"https:\/\/fecavem.com\/es\/wp-json\/wp\/v2\/media?parent=13958"}],"wp:term":[{"taxonomy":"category","embeddable":true,"href":"https:\/\/fecavem.com\/es\/wp-json\/wp\/v2\/categories?post=13958"},{"taxonomy":"post_tag","embeddable":true,"href":"https:\/\/fecavem.com\/es\/wp-json\/wp\/v2\/tags?post=13958"}],"curies":[{"name":"wp","href":"https:\/\/api.w.org\/{rel}","templated":true}]}}