{"id":13989,"date":"2024-03-26T10:35:38","date_gmt":"2024-03-26T10:35:38","guid":{"rendered":"https:\/\/fecavem.com\/gremi-del-motor-inventario-pro-impulsen-portal-gremimotorcom\/"},"modified":"2024-03-27T12:46:11","modified_gmt":"2024-03-27T12:46:11","slug":"gremi-del-motor-inventario-pro-impulsan-portal-gremimotorcom","status":"publish","type":"post","link":"https:\/\/fecavem.com\/es\/gremi-del-motor-inventario-pro-impulsan-portal-gremimotorcom\/","title":{"rendered":"Gremi del Motor e Inventario.pro impulsan Gremimotor.com"},"content":{"rendered":"\n<p>El portal <a href=\"http:\/\/Gremimotor.com\" rel=\"noopener\">Gremimotor.com<\/a> ya roza las<strong> 4.000 ofertas de coches y motos usados \u200b\u200bde los profesionales del motor en Barcelona y su provincia.<\/strong> Ahora, ha recibido un nuevo impulso gracias a la reciente integraci\u00f3n del portal\u00a0gremimotor.com\u00a0con la plataforma l\u00edder en multipublicaci\u00f3n de anuncios de coches del mercado espa\u00f1ol de automoci\u00f3n,\u00a0<a href=\"http:\/\/www.inventario.pro\" rel=\"noopener\">www.inventario.pro<\/a>.<\/p>\n\n\n\n<p>A partir de ahora, cualquier empresa que quiera publicar<strong> su stock de coches en este portal, podr\u00e1 hacerlo mediante una cuenta profesional en <a href=\"http:\/\/www.inventario.pro\" rel=\"noopener\">www.inventario.pro<\/a>.<\/strong> Y podr\u00e1n pedirlo tanto a\u00a0inventario.pro,\u00a0como a <a href=\"http:\/\/Gremimotor.com\" rel=\"noopener\">Gremimotor.com<\/a>.<\/p>\n\n\n\n<p>Inventario.pro<strong> es una excelente opci\u00f3n para los profesionales del moto<\/strong>r. Desde los multimarcas hasta los grupos de concesionarios, reciben<strong> soluci\u00f3n a las necesidades de automatizaci\u00f3n de su stock de veh\u00edculos, de su p\u00e1gina web comercial y la multidifusi\u00f3n a portales de veh\u00edculos de ocasi\u00f3n<\/strong>, utilizando potentes automatizaciones e integraciones que les ayudar\u00e1n a mejorar su eficiencia operativa y comercial.<\/p>\n\n\n\n<p>En el marco del \u00faltimo Congreso Faconauto, <strong>Eduard Bayo y Joan Blancafort, dejaron patente en la fotograf\u00eda adjunta la instant\u00e1nea que oficializa esta nueva colaboraci\u00f3n<\/strong>, que tiene el prop\u00f3sito de reforzar el portal del VO\u00a0<a href=\"http:\/\/www.gremimotor.com\" rel=\"noopener\">www.gremimotor.com<\/a>, una propuesta comercial que aporta garant\u00eda y calidad al comprador.<\/p>\n\n\n\n<p><\/p>\n","protected":false},"excerpt":{"rendered":"<p>El portal Gremimotor.com ya roza las 4.000 ofertas de coches y motos usados \u200b\u200bde los profesionales del motor en Barcelona y su provincia. Ahora, ha recibido un nuevo impulso gracias a la reciente integraci\u00f3n del portal\u00a0gremimotor.com\u00a0con la plataforma l\u00edder en multipublicaci\u00f3n de anuncios de coches del mercado espa\u00f1ol de automoci\u00f3n,\u00a0www.inventario.pro. A partir de ahora, cualquier [&#8230;]<\/p>\n","protected":false},"author":2,"featured_media":13987,"comment_status":"closed","ping_status":"closed","sticky":false,"template":"","format":"standard","meta":{"footnotes":"","_links_to":"","_links_to_target":""},"categories":[91],"tags":[],"class_list":["post-13989","post","type-post","status-publish","format-standard","has-post-thumbnail","hentry","category-gremi-del-motor-es"],"_links":{"self":[{"href":"https:\/\/fecavem.com\/es\/wp-json\/wp\/v2\/posts\/13989","targetHints":{"allow":["GET"]}}],"collection":[{"href":"https:\/\/fecavem.com\/es\/wp-json\/wp\/v2\/posts"}],"about":[{"href":"https:\/\/fecavem.com\/es\/wp-json\/wp\/v2\/types\/post"}],"author":[{"embeddable":true,"href":"https:\/\/fecavem.com\/es\/wp-json\/wp\/v2\/users\/2"}],"replies":[{"embeddable":true,"href":"https:\/\/fecavem.com\/es\/wp-json\/wp\/v2\/comments?post=13989"}],"version-history":[{"count":3,"href":"https:\/\/fecavem.com\/es\/wp-json\/wp\/v2\/posts\/13989\/revisions"}],"predecessor-version":[{"id":14057,"href":"https:\/\/fecavem.com\/es\/wp-json\/wp\/v2\/posts\/13989\/revisions\/14057"}],"wp:featuredmedia":[{"embeddable":true,"href":"https:\/\/fecavem.com\/es\/wp-json\/wp\/v2\/media\/13987"}],"wp:attachment":[{"href":"https:\/\/fecavem.com\/es\/wp-json\/wp\/v2\/media?parent=13989"}],"wp:term":[{"taxonomy":"category","embeddable":true,"href":"https:\/\/fecavem.com\/es\/wp-json\/wp\/v2\/categories?post=13989"},{"taxonomy":"post_tag","embeddable":true,"href":"https:\/\/fecavem.com\/es\/wp-json\/wp\/v2\/tags?post=13989"}],"curies":[{"name":"wp","href":"https:\/\/api.w.org\/{rel}","templated":true}]}}