{"id":14602,"date":"2024-05-28T14:42:58","date_gmt":"2024-05-28T14:42:58","guid":{"rendered":"https:\/\/fecavem.com\/eduard-ribases-director-general-de-cator-oferim-la-possibilitat-als-productors-del-residu-treballar-directament-amb-el-reciclador-final-de-loli\/"},"modified":"2024-06-02T19:25:33","modified_gmt":"2024-06-02T19:25:33","slug":"eduard-ribases-director-general-cator-productores-residuo-trabajar-reciclador-aceite","status":"publish","type":"post","link":"https:\/\/fecavem.com\/es\/eduard-ribases-director-general-cator-productores-residuo-trabajar-reciclador-aceite\/","title":{"rendered":"Eduard Ribas\u00e9s, Director General de Cator: \u00abOfrecemos la posibilidad a los productores del residuo, trabajar directamente con el reciclador final del aceite\u00bb"},"content":{"rendered":"\n<p><em>El Infogremi del mes de junio lo dedicamos a conocer el perfil de Eduard Ribas\u00e9s, Director General y Consejero Delegado de Cator. Cator colabora con el Gremio del Motor y la Movilidad de Barcelona y es uno de los aliados m\u00e1s antiguos y de confianza de nuestros agremiados y agremiadas.<\/em><\/p>\n\n\n\n<figure class=\"wp-block-image size-large\"><img loading=\"lazy\" decoding=\"async\" width=\"1024\" height=\"682\" src=\"https:\/\/fecavem.com\/wp-content\/uploads\/2024\/05\/Planta-1-1024x682.jpg\" alt=\"\" class=\"wp-image-14595\" srcset=\"https:\/\/fecavem.com\/wp-content\/uploads\/2024\/05\/Planta-1-1024x682.jpg 1024w, https:\/\/fecavem.com\/wp-content\/uploads\/2024\/05\/Planta-1-300x200.jpg 300w, https:\/\/fecavem.com\/wp-content\/uploads\/2024\/05\/Planta-1-768x512.jpg 768w, https:\/\/fecavem.com\/wp-content\/uploads\/2024\/05\/Planta-1-1536x1023.jpg 1536w, https:\/\/fecavem.com\/wp-content\/uploads\/2024\/05\/Planta-1-2048x1364.jpg 2048w, https:\/\/fecavem.com\/wp-content\/uploads\/2024\/05\/Planta-1-750x500.jpg 750w, https:\/\/fecavem.com\/wp-content\/uploads\/2024\/05\/Planta-1-1140x760.jpg 1140w\" sizes=\"auto, (max-width: 1024px) 100vw, 1024px\" \/><\/figure>\n\n\n\n<p><\/p>\n\n\n\n<p><strong>Cator es un partner de referencia para nuestra entidad. \u00bfQu\u00e9 importante es tener asociaciones que agrupen al sector de la automoci\u00f3n?<\/strong><\/p>\n\n\n\n<p>Pienso que es vital para cualquier sector, organizarse asociativamente para defender y velar por los intereses comunes, pero todav\u00eda lo es m\u00e1s en un sector tan atomizado y cambiante como es el de la automoci\u00f3n. Para nosotros, como proveedor en el \u00e1mbito de la gesti\u00f3n de residuos, es una gran suerte saber que existe una asociaci\u00f3n que mantiene informados a sus miembros en un tema tan sensible y burocr\u00e1tico.<\/p>\n\n\n\n<p><strong>A lo largo de estos a\u00f1os, \u00bfc\u00f3mo se han transformado los retos de Cator?<\/strong><\/p>\n\n\n\n<p>Cator&nbsp;inici\u00f3 su actividad en el a\u00f1o 1993 ya lo largo de estos m\u00e1s de 30 a\u00f1os la compa\u00f1\u00eda se ha transformado enormemente. Gracias a una apuesta por la Innovaci\u00f3n y el Desarrollo, hemos conseguido crear una planta de regeneraci\u00f3n que produce productos de excelente calidad a la vez que es un modelo de sostenibilidad por el aprovechamiento que hace de los recursos, entre ellos el agua que ahora escasea tanto.<\/p>\n\n\n\n<p><strong>\u00bfQu\u00e9 puede ofrecer&nbsp;Cator&nbsp;a nuestros agremiados y agremiadas?<\/strong><\/p>\n\n\n\n<p>El aceite usado de motor es el residuo que el sector de la automoci\u00f3n genera en mayor cantidad, y su condici\u00f3n de t\u00f3xico y peligroso lo hace potencialmente muy contaminante. Desde Cartor ofrecemos la posibilidad a los productores del residuo de trabajar directamente con el reciclador final del aceite, sin ning\u00fan intermediario y garantizando su circularidad. Adem\u00e1s esta especializaci\u00f3n respecto a la gesti\u00f3n del aceite usado hace que aseguremos una elevada calidad de servicio y una recogida \u00f3ptima.<\/p>\n\n\n\n<figure class=\"wp-block-image size-large\"><img loading=\"lazy\" decoding=\"async\" width=\"1024\" height=\"682\" src=\"https:\/\/fecavem.com\/wp-content\/uploads\/2024\/05\/Planta-2-1024x682.jpg\" alt=\"\" class=\"wp-image-14597\" srcset=\"https:\/\/fecavem.com\/wp-content\/uploads\/2024\/05\/Planta-2-1024x682.jpg 1024w, https:\/\/fecavem.com\/wp-content\/uploads\/2024\/05\/Planta-2-300x200.jpg 300w, https:\/\/fecavem.com\/wp-content\/uploads\/2024\/05\/Planta-2-768x512.jpg 768w, https:\/\/fecavem.com\/wp-content\/uploads\/2024\/05\/Planta-2-1536x1023.jpg 1536w, https:\/\/fecavem.com\/wp-content\/uploads\/2024\/05\/Planta-2-2048x1364.jpg 2048w, https:\/\/fecavem.com\/wp-content\/uploads\/2024\/05\/Planta-2-750x500.jpg 750w, https:\/\/fecavem.com\/wp-content\/uploads\/2024\/05\/Planta-2-1140x759.jpg 1140w\" sizes=\"auto, (max-width: 1024px) 100vw, 1024px\" \/><\/figure>\n\n\n\n<p><\/p>\n\n\n\n<p><strong>Una de las iniciativas m\u00e1s valoradas de&nbsp;Cator&nbsp;es la regeneraci\u00f3n del aceite usado, \u00bfen qu\u00e9 consiste?<\/strong><\/p>\n\n\n\n<p>La regeneraci\u00f3n es un proceso f\u00edsico-qu\u00edmico mediante el cual transformamos el aceite usado, un residuo, en una materia prima apta para fabricar nuevos lubricantes. Pero en&nbsp;Cator&nbsp;no nos quedamos aqu\u00ed, y hemos desarrollado una planta \u00edntegramente circular donde todos los elementos resultantes son comercializados o reutilizados en el propio proceso, minimizando los consumos energ\u00e9ticos y reduciendo la huella ambiental.&nbsp; Vale la pena visitarla y de hecho, desde nuestros inicios organizamos peri\u00f3dicamente visitas de escuelas, universidades, clientes y proveedores, ya que nuestro compromiso va m\u00e1s all\u00e1 del reciclaje, y nos implicamos en la labor de concienciaci\u00f3n hacia el econom\u00eda circular y el desarrollo sostenible.<\/p>\n\n\n\n<p><strong>Desde Catalunya, \u00bfc\u00f3mo se impulsa este aspecto?<\/strong><\/p>\n\n\n\n<p>Catalu\u00f1a tiene un papel muy importante puesto que es la \u00fanica Comunidad Aut\u00f3noma que \u00fanicamente permite la regeneraci\u00f3n para tratar el aceite usado. En el resto de territorios del Estado sorprendentemente todav\u00eda permiten convertirlo en combustible, eliminando as\u00ed un escaso recurso natural que podr\u00eda recuperarse. &nbsp;<\/p>\n\n\n\n<p><strong>La automoci\u00f3n es un referente en I+D, \u00bfcu\u00e1les son los retos frente a las incertidumbres de los cambios de combusti\u00f3n y carburantes que plantea la UE?<\/strong><\/p>\n\n\n\n<p>La automoci\u00f3n siempre ha vivido un permanente proceso de cambio y siempre se ha adaptado y ha salido adelante. Es cierto que el momento actual se presenta como uno de los retos m\u00e1s importantes de su historia, pero no dudo de la fuerza y \u200b\u200bla resiliencia del sector. Creo que el principal problema reside en el desconcierto que provocan las pol\u00edticas fijadas por la UE y la falta de una estrategia clara en la transici\u00f3n a las nuevas tecnolog\u00edas.<\/p>\n","protected":false},"excerpt":{"rendered":"<p>El Infogremi del mes de junio lo dedicamos a conocer el perfil de Eduard Ribas\u00e9s, Director General y Consejero Delegado de Cator. Cator colabora con el Gremio del Motor y la Movilidad de Barcelona y es uno de los aliados m\u00e1s antiguos y de confianza de nuestros agremiados y agremiadas. Cator es un partner de [&#8230;]<\/p>\n","protected":false},"author":2,"featured_media":14675,"comment_status":"closed","ping_status":"closed","sticky":false,"template":"","format":"standard","meta":{"footnotes":"","_links_to":"","_links_to_target":""},"categories":[91],"tags":[],"class_list":["post-14602","post","type-post","status-publish","format-standard","has-post-thumbnail","hentry","category-gremi-del-motor-es"],"_links":{"self":[{"href":"https:\/\/fecavem.com\/es\/wp-json\/wp\/v2\/posts\/14602","targetHints":{"allow":["GET"]}}],"collection":[{"href":"https:\/\/fecavem.com\/es\/wp-json\/wp\/v2\/posts"}],"about":[{"href":"https:\/\/fecavem.com\/es\/wp-json\/wp\/v2\/types\/post"}],"author":[{"embeddable":true,"href":"https:\/\/fecavem.com\/es\/wp-json\/wp\/v2\/users\/2"}],"replies":[{"embeddable":true,"href":"https:\/\/fecavem.com\/es\/wp-json\/wp\/v2\/comments?post=14602"}],"version-history":[{"count":3,"href":"https:\/\/fecavem.com\/es\/wp-json\/wp\/v2\/posts\/14602\/revisions"}],"predecessor-version":[{"id":14671,"href":"https:\/\/fecavem.com\/es\/wp-json\/wp\/v2\/posts\/14602\/revisions\/14671"}],"wp:featuredmedia":[{"embeddable":true,"href":"https:\/\/fecavem.com\/es\/wp-json\/wp\/v2\/media\/14675"}],"wp:attachment":[{"href":"https:\/\/fecavem.com\/es\/wp-json\/wp\/v2\/media?parent=14602"}],"wp:term":[{"taxonomy":"category","embeddable":true,"href":"https:\/\/fecavem.com\/es\/wp-json\/wp\/v2\/categories?post=14602"},{"taxonomy":"post_tag","embeddable":true,"href":"https:\/\/fecavem.com\/es\/wp-json\/wp\/v2\/tags?post=14602"}],"curies":[{"name":"wp","href":"https:\/\/api.w.org\/{rel}","templated":true}]}}