{"id":14806,"date":"2024-06-26T10:03:20","date_gmt":"2024-06-26T10:03:20","guid":{"rendered":"https:\/\/fecavem.com\/memoria-2023-del-gremi-del-motor\/"},"modified":"2024-06-26T10:05:27","modified_gmt":"2024-06-26T10:05:27","slug":"memoria-2023-gremio-motor","status":"publish","type":"post","link":"https:\/\/fecavem.com\/es\/memoria-2023-gremio-motor\/","title":{"rendered":"Mem\u00f2ria 2023 del Gremi del Motor"},"content":{"rendered":"\n<p>Estimados colaboradores, clientes y socios,<br>Nos complace compartir con vosotros un v\u00eddeo que resume las actividades y logros de nuestra empresa durante el a\u00f1o 2023. Este resumen anual destaca nuestros principales hitos, proyectos exitosos y el impacto positivo que hemos generado en nuestras comunidades y en el mercado.<\/p>\n\n\n\n<p>Queremos agradecer a nuestra junta de gobierno, empleados por su dedicaci\u00f3n y esfuerzo, as\u00ed como a nuestros clientes y socios por su continua confianza y soporte. Los logros de este a\u00f1o no habr\u00edan sido posibles sin su contribuci\u00f3n. Les invitamos a ver el v\u00eddeo que hemos preparado, que captura la esencia de nuestro trabajo y el esp\u00edritu de colaboraci\u00f3n que nos impulsa hacia delante.<\/p>\n\n\n\n<figure class=\"wp-block-embed is-type-video is-provider-youtube wp-block-embed-youtube wp-embed-aspect-16-9 wp-has-aspect-ratio\"><div class=\"wp-block-embed__wrapper\">\n<iframe loading=\"lazy\" title=\"Mem\u00f2ria 2023 Gremi del Motor. Format v\u00eddeo\" width=\"780\" height=\"439\" src=\"https:\/\/www.youtube.com\/embed\/L0Iy-znodTQ?feature=oembed\" frameborder=\"0\" allow=\"accelerometer; autoplay; clipboard-write; encrypted-media; gyroscope; picture-in-picture; web-share\" referrerpolicy=\"strict-origin-when-cross-origin\" allowfullscreen><\/iframe>\n<\/div><\/figure>\n\n\n\n<p>Esperamos seguir construyendo juntos un futuro lleno de logros y oportunidades.<br>Atentamente,<\/p>\n\n\n\n<p><strong><em>Jaume Roura, Presidente del Gremio del Motor y Fecavem<\/em><\/strong><\/p>\n","protected":false},"excerpt":{"rendered":"<p>Estimados colaboradores, clientes y socios,Nos complace compartir con vosotros un v\u00eddeo que resume las actividades y logros de nuestra empresa durante el a\u00f1o 2023. Este resumen anual destaca nuestros principales hitos, proyectos exitosos y el impacto positivo que hemos generado en nuestras comunidades y en el mercado. Queremos agradecer a nuestra junta de gobierno, empleados [&#8230;]<\/p>\n","protected":false},"author":2,"featured_media":14804,"comment_status":"closed","ping_status":"closed","sticky":false,"template":"","format":"standard","meta":{"footnotes":"","_links_to":"","_links_to_target":""},"categories":[91],"tags":[],"class_list":["post-14806","post","type-post","status-publish","format-standard","has-post-thumbnail","hentry","category-gremi-del-motor-es"],"_links":{"self":[{"href":"https:\/\/fecavem.com\/es\/wp-json\/wp\/v2\/posts\/14806","targetHints":{"allow":["GET"]}}],"collection":[{"href":"https:\/\/fecavem.com\/es\/wp-json\/wp\/v2\/posts"}],"about":[{"href":"https:\/\/fecavem.com\/es\/wp-json\/wp\/v2\/types\/post"}],"author":[{"embeddable":true,"href":"https:\/\/fecavem.com\/es\/wp-json\/wp\/v2\/users\/2"}],"replies":[{"embeddable":true,"href":"https:\/\/fecavem.com\/es\/wp-json\/wp\/v2\/comments?post=14806"}],"version-history":[{"count":2,"href":"https:\/\/fecavem.com\/es\/wp-json\/wp\/v2\/posts\/14806\/revisions"}],"predecessor-version":[{"id":14808,"href":"https:\/\/fecavem.com\/es\/wp-json\/wp\/v2\/posts\/14806\/revisions\/14808"}],"wp:featuredmedia":[{"embeddable":true,"href":"https:\/\/fecavem.com\/es\/wp-json\/wp\/v2\/media\/14804"}],"wp:attachment":[{"href":"https:\/\/fecavem.com\/es\/wp-json\/wp\/v2\/media?parent=14806"}],"wp:term":[{"taxonomy":"category","embeddable":true,"href":"https:\/\/fecavem.com\/es\/wp-json\/wp\/v2\/categories?post=14806"},{"taxonomy":"post_tag","embeddable":true,"href":"https:\/\/fecavem.com\/es\/wp-json\/wp\/v2\/tags?post=14806"}],"curies":[{"name":"wp","href":"https:\/\/api.w.org\/{rel}","templated":true}]}}