{"id":15112,"date":"2024-07-31T15:08:33","date_gmt":"2024-07-31T15:08:33","guid":{"rendered":"https:\/\/fecavem.com\/radiografia-impacte-recaptacio-de-limpost-de-co2-fecavem-convida-reflexio\/"},"modified":"2024-08-01T09:15:02","modified_gmt":"2024-08-01T09:15:02","slug":"radiografia-impacto-recaptacion-impost-co2-fecavem-invita-reflexion","status":"publish","type":"post","link":"https:\/\/fecavem.com\/es\/radiografia-impacto-recaptacion-impost-co2-fecavem-invita-reflexion\/","title":{"rendered":"Radiograf\u00eda del impacto en la recaptaci\u00f3n del impuesto de CO2: Fecavem invita a la reflexi\u00f3n"},"content":{"rendered":"\n<p>La <strong>Ag\u00e8ncia Tribut\u00e0ria de Catalunya ha hecho p\u00fablica su Memoria 2023 y, a continuaci\u00f3n, detallamos las cifras clave referidas al impuesto sobre las emisiones.<\/strong><\/p>\n\n\n\n<p>A efectos de recaudaci\u00f3n, <strong>este impuesto genera menos del 0,5% de los recursos y los indicadores que presentamos ponen de relieve el ingente n\u00famero de recursos humanos y materiales que consume<\/strong>. Claramente, la recaudaci\u00f3n que genera y los recursos que se dedican no guardan relaci\u00f3n.<\/p>\n\n\n\n<div data-wp-interactive=\"core\/file\" class=\"wp-block-file\"><object data-wp-bind--hidden=\"!state.hasPdfPreview\" hidden class=\"wp-block-file__embed\" data=\"https:\/\/fecavem.com\/wp-content\/uploads\/2024\/07\/Memoria-ATC-2023.pdf\" type=\"application\/pdf\" style=\"width:100%;height:600px\" aria-label=\"Incrustado de Memoria-ATC-2023.\"><\/object><a id=\"wp-block-file--media-2649d97e-e5d2-4358-b8cf-6fa117c4c73d\" href=\"https:\/\/fecavem.com\/wp-content\/uploads\/2024\/07\/Memoria-ATC-2023.pdf\">Memoria-ATC-2023<\/a><a href=\"https:\/\/fecavem.com\/wp-content\/uploads\/2024\/07\/Memoria-ATC-2023.pdf\" class=\"wp-block-file__button wp-element-button\" download aria-describedby=\"wp-block-file--media-2649d97e-e5d2-4358-b8cf-6fa117c4c73d\">Descarga<\/a><\/div>\n\n\n\n<h2 class=\"wp-block-heading\">Cifras a tener en cuenta<\/h2>\n\n\n\n<ul class=\"wp-block-list\">\n<li>Hasta 1,8 liquidaciones por un valor de 51 millones de euros. Rozan el mill\u00f3n ochocientos mil unidades y se han liquidado 51.501 miles de \u20ac.<\/li>\n\n\n\n<li>Un total de 43 millones ingresados, un 6,1% menos ingresados.<\/li>\n\n\n\n<li>Ha presentado unos ingresos de 42,9 millones de euros a 31 de diciembre, con un decremento del 6,1 % respecto al ejercicio anterior, debido principalmente a las correcciones t\u00e9cnicas aprobadas.<\/li>\n\n\n\n<li>La recaudaci\u00f3n obtenida por los impuestos gestionados por la ATC ha sido de 4.701 millones de euros<\/li>\n\n\n\n<li>0,5% del peso en la recaudaci\u00f3n total, quedando por debajo del cumplimiento del objetivo.<\/li>\n\n\n\n<li>El peso en la recaudaci\u00f3n no alcanza el 1 por ciento y el cumplimiento de objetivos queda por debajo, en un 79%<\/li>\n\n\n\n<li>754.341 provisiones de apremio por el Impuesto.<\/li>\n\n\n\n<li>El importe total de deuda en ejecutiva de titularidad de la Generalidad de Catalu\u00f1a y de otras administraciones de Catalu\u00f1a que la Agencia ha gestionado, ha sido de 1.119.760 provisiones. Cabe remarcar el considerable aumento del n\u00famero de providencias de apremio dictadas, debido a la llegada a la v\u00eda ejecutiva de las liquidaciones impagadas del impuesto sobre las emisiones de CO2 de los veh\u00edculos, que se cifran en 754.341.<\/li>\n\n\n\n<li>Un 44% de las visitas corresponden a la sede electr\u00f3nica de la ATC y se refieren al impuesto CO2. La sede electr\u00f3nica en 2023 ha registrado 5.553.452 visitas, el 44% de las cuales corresponden al impuesto sobre las emisiones de CO2 de los veh\u00edculos de tracci\u00f3n mec\u00e1nica. 336.178 usuarios han accedido al frontal de tramitaci\u00f3n de la sede para gestionar el impuesto sobre las emisiones de CO2.<\/li>\n\n\n\n<li>Un 21% de las llamadas a la atenci\u00f3n especializada de tributos corresponde al impuesto. Dentro de la atenci\u00f3n especializada de tributos, el tel\u00e9fono 012 ha atendido a 276.498 llamadas, de las cuales un 21% han sido del impuesto sobre las emisiones de CO2.<\/li>\n<\/ul>\n\n\n\n<p>Desde Fecavem, <strong>invitamos a la reflexi\u00f3n y enderezar una situaci\u00f3n que no beneficia a las arcas p\u00fablicas, no se invierte en la mejora del parque m\u00f3vil y desatiende la atenci\u00f3n de la ciudadan\u00eda.<\/strong><\/p>\n\n\n\n<p><\/p>\n","protected":false},"excerpt":{"rendered":"<p>La Ag\u00e8ncia Tribut\u00e0ria de Catalunya ha hecho p\u00fablica su Memoria 2023 y, a continuaci\u00f3n, detallamos las cifras clave referidas al impuesto sobre las emisiones. A efectos de recaudaci\u00f3n, este impuesto genera menos del 0,5% de los recursos y los indicadores que presentamos ponen de relieve el ingente n\u00famero de recursos humanos y materiales que consume. [&#8230;]<\/p>\n","protected":false},"author":2,"featured_media":6667,"comment_status":"closed","ping_status":"closed","sticky":false,"template":"","format":"standard","meta":{"footnotes":"","_links_to":"","_links_to_target":""},"categories":[92],"tags":[],"class_list":["post-15112","post","type-post","status-publish","format-standard","has-post-thumbnail","hentry","category-govern-es"],"_links":{"self":[{"href":"https:\/\/fecavem.com\/es\/wp-json\/wp\/v2\/posts\/15112","targetHints":{"allow":["GET"]}}],"collection":[{"href":"https:\/\/fecavem.com\/es\/wp-json\/wp\/v2\/posts"}],"about":[{"href":"https:\/\/fecavem.com\/es\/wp-json\/wp\/v2\/types\/post"}],"author":[{"embeddable":true,"href":"https:\/\/fecavem.com\/es\/wp-json\/wp\/v2\/users\/2"}],"replies":[{"embeddable":true,"href":"https:\/\/fecavem.com\/es\/wp-json\/wp\/v2\/comments?post=15112"}],"version-history":[{"count":3,"href":"https:\/\/fecavem.com\/es\/wp-json\/wp\/v2\/posts\/15112\/revisions"}],"predecessor-version":[{"id":15176,"href":"https:\/\/fecavem.com\/es\/wp-json\/wp\/v2\/posts\/15112\/revisions\/15176"}],"wp:featuredmedia":[{"embeddable":true,"href":"https:\/\/fecavem.com\/es\/wp-json\/wp\/v2\/media\/6667"}],"wp:attachment":[{"href":"https:\/\/fecavem.com\/es\/wp-json\/wp\/v2\/media?parent=15112"}],"wp:term":[{"taxonomy":"category","embeddable":true,"href":"https:\/\/fecavem.com\/es\/wp-json\/wp\/v2\/categories?post=15112"},{"taxonomy":"post_tag","embeddable":true,"href":"https:\/\/fecavem.com\/es\/wp-json\/wp\/v2\/tags?post=15112"}],"curies":[{"name":"wp","href":"https:\/\/api.w.org\/{rel}","templated":true}]}}