{"id":15484,"date":"2024-09-24T09:31:48","date_gmt":"2024-09-24T09:31:48","guid":{"rendered":"https:\/\/fecavem.com\/president-fecavem-jaume-roura-manifesta-negativa-reduccio-jornada-laboral-a-la-vicepresidenta-espanyola-yolanda-diaz\/"},"modified":"2024-09-24T09:34:30","modified_gmt":"2024-09-24T09:34:30","slug":"presidente-fecavem-jaume-roura-manifiesta-negativa-reduccion-jornada-laboral-vicepresidenta-espanola-yolanda-diaz","status":"publish","type":"post","link":"https:\/\/fecavem.com\/es\/presidente-fecavem-jaume-roura-manifiesta-negativa-reduccion-jornada-laboral-vicepresidenta-espanola-yolanda-diaz\/","title":{"rendered":"El presidente de Fecavem, Jaume Roura, manifiesta su negativa a la reducci\u00f3n de la jornada laboral a la vicepresidenta espa\u00f1ola, Yolanda D\u00edaz"},"content":{"rendered":"\n<p><strong>El pasado jueves, 19 de septiembre, Jaume Roura, presidente de Fecavem y la Uni\u00f3n Patronal Metal\u00fargica, se reuni\u00f3 con la vicepresidenta del Gobierno espa\u00f1ol en una jornada organizada por Foment del Treball y liderada por su presidente, Josep S\u00e1nchez Llibre.<\/strong><\/p>\n\n\n\n<p>El presidente Jaume Roura traslad\u00f3 a la vicepresidenta espa\u00f1ola, la preocupaci\u00f3n por la rebaja prevista en la reducci\u00f3n de la jornada laboral a 37,5 horas \u2013marcado en 40 horas actualmente\u2013. As\u00ed pues, como Fecavem y UPM le manifest\u00f3 su oposici\u00f3n a la reducci\u00f3n de la jornada laboral y reclama m\u00e1s di\u00e1logo, as\u00ed como enfocar cualquier cambio siempre por la v\u00eda de las tablas de negociaci\u00f3n colectiva.<\/p>\n\n\n\n<p>Pero el presidente Roura tambi\u00e9n plante\u00f3 afrontar otros aspectos inmediatos que preocupan por el funcionamiento y buena marcha de las empresas y son: la productividad espa\u00f1ola, muy por debajo de la media de la Uni\u00f3n Europea; afrontar rebajar el absentismo laboral que, seg\u00fan el \u00faltimo informe Randstad, sit\u00faa en 1,4 millones de personas que no acudieron a su puesto en el promedio diario durante el 2023; y las bajas temporales que ha disparado el coste de la propia Seguridad Social hasta un 18% en los \u00faltimos meses.<br><br><em>Os facilitamos la noticia del diario El Peri\u00f3dico donde habla de este encuentro entre el gobierno espa\u00f1ol, Foment del Treball y la UPM.<\/em><\/p>\n\n\n\n<p><a href=\"https:\/\/upm.org\/images\/El_Periodico_de_Catalunya_20240920120000_2_.pdf\" target=\"_blank\" rel=\"noreferrer noopener\">El Peri\u00f3dico de Catalunya<\/a><\/p>\n\n\n\n<p><\/p>\n","protected":false},"excerpt":{"rendered":"<p>El pasado jueves, 19 de septiembre, Jaume Roura, presidente de Fecavem y la Uni\u00f3n Patronal Metal\u00fargica, se reuni\u00f3 con la vicepresidenta del Gobierno espa\u00f1ol en una jornada organizada por Foment del Treball y liderada por su presidente, Josep S\u00e1nchez Llibre. El presidente Jaume Roura traslad\u00f3 a la vicepresidenta espa\u00f1ola, la preocupaci\u00f3n por la rebaja prevista [&#8230;]<\/p>\n","protected":false},"author":2,"featured_media":15482,"comment_status":"closed","ping_status":"closed","sticky":false,"template":"","format":"standard","meta":{"footnotes":"","_links_to":"","_links_to_target":""},"categories":[95],"tags":[],"class_list":["post-15484","post","type-post","status-publish","format-standard","has-post-thumbnail","hentry","category-gobierno-es"],"_links":{"self":[{"href":"https:\/\/fecavem.com\/es\/wp-json\/wp\/v2\/posts\/15484","targetHints":{"allow":["GET"]}}],"collection":[{"href":"https:\/\/fecavem.com\/es\/wp-json\/wp\/v2\/posts"}],"about":[{"href":"https:\/\/fecavem.com\/es\/wp-json\/wp\/v2\/types\/post"}],"author":[{"embeddable":true,"href":"https:\/\/fecavem.com\/es\/wp-json\/wp\/v2\/users\/2"}],"replies":[{"embeddable":true,"href":"https:\/\/fecavem.com\/es\/wp-json\/wp\/v2\/comments?post=15484"}],"version-history":[{"count":1,"href":"https:\/\/fecavem.com\/es\/wp-json\/wp\/v2\/posts\/15484\/revisions"}],"predecessor-version":[{"id":15486,"href":"https:\/\/fecavem.com\/es\/wp-json\/wp\/v2\/posts\/15484\/revisions\/15486"}],"wp:featuredmedia":[{"embeddable":true,"href":"https:\/\/fecavem.com\/es\/wp-json\/wp\/v2\/media\/15482"}],"wp:attachment":[{"href":"https:\/\/fecavem.com\/es\/wp-json\/wp\/v2\/media?parent=15484"}],"wp:term":[{"taxonomy":"category","embeddable":true,"href":"https:\/\/fecavem.com\/es\/wp-json\/wp\/v2\/categories?post=15484"},{"taxonomy":"post_tag","embeddable":true,"href":"https:\/\/fecavem.com\/es\/wp-json\/wp\/v2\/tags?post=15484"}],"curies":[{"name":"wp","href":"https:\/\/api.w.org\/{rel}","templated":true}]}}