{"id":15495,"date":"2024-09-25T11:53:14","date_gmt":"2024-09-25T11:53:14","guid":{"rendered":"https:\/\/fecavem.com\/octubre24-jaume-roura-tres-mesos-queden-marcaran-tendencia-economica\/"},"modified":"2024-09-25T11:57:25","modified_gmt":"2024-09-25T11:57:25","slug":"octubre24-jaume-roura-tres-meses-quedan-marcaran-tendencia-economica","status":"publish","type":"post","link":"https:\/\/fecavem.com\/es\/octubre24-jaume-roura-tres-meses-quedan-marcaran-tendencia-economica\/","title":{"rendered":"Octubre&#8217;24 | Jaume Roura: \u00abLos tres meses que nos quedan, marcar\u00e1n la tendencia econ\u00f3mica\u00bb"},"content":{"rendered":"\n<p>Iniciamos un mes de octubre con muchos frentes abiertos, quiz\u00e1 demasiado. Por un lado, con un nuevo Govern de la Generalitat de Catalunya que tiene <strong>una situaci\u00f3n comprometida con ERC y Comuns<\/strong>. Dos partidos que, a priori, no nos dan mucha seguridad para que el PSC y el presidente Salvador Illa pueda emprender su propia hoja de ruta completa y inicia ya un mandato con una fuerte debilidad en el Parlament de Catalunya.<\/p>\n\n\n\n<p>As\u00ed pues, la aritm\u00e9tica parlamentaria no suma, similar a lo que ocurre en el Congreso de los Diputados en Espa\u00f1a.<strong> Y esto, viendo la experiencia previa, acaba siendo preocupante<\/strong>. Pero hay que agarrarse a lo positivo, como haber evitado una repetici\u00f3n electoral que desgastar\u00eda la imagen de Catalunya y pondr\u00eda frenos a su desarrollo econ\u00f3mico de lleno. No hay que seguir condicionados, escuchar al empresariado y coger empuje, una serie de peticiones que ya traslad\u00e9 al propio presidente Illa en la \u00faltima junta de Foment del Treball, donde tambi\u00e9n soy vicepresidente. En resumen, es necesario dar los cien d\u00edas de confianza.<\/p>\n\n\n\n<p>En la automoci\u00f3n, ya sabemos que el cierre de a\u00f1o es vital. <strong>Los tres meses que nos quedan por terminar el 2024, marcar\u00e1n la tendencia econ\u00f3mica.<\/strong> Los indicadores que nos llegan hoy no son malos, pero las incertidumbres que genera el campo laboral con reformas abiertas, la situaci\u00f3n de la crisis migratoria y la presi\u00f3n fiscal, se convierten en situaciones de preocupaciones, tal y como recoge el CIS. Hay que estar atentos y desde Fecavem queremos aportar soluciones posibles en la medida en que nos corresponda y escuchan.<\/p>\n\n\n\n<p>Por todo ello, <strong>desde Fecavem y el Gremio del Motor y la Movilidad de Barcelona, \u200b\u200bafrontamos la recta final de este 2024 con preocupaciones que no se desatascan. <\/strong>Por un lado el mercado no toma la velocidad que necesitamos. Por lo que respecta al mercado de VN es una realidad lastrada, mientras que en el mercado de ocasi\u00f3n VO s\u00ed conseguimos que siga creciendo. Pero tener dos corrientes opuestas, en este caso, hace que fomentemos a\u00fan m\u00e1s el envejecimiento del parque m\u00f3vil, que necesita de forma urgente una renovaci\u00f3n. Ya subimos a m\u00e1s de los 14 a\u00f1os de media de antig\u00fcedad, vamos camino de los 15 y hace relativamente poco, tan s\u00f3lo est\u00e1bamos en los 8 a\u00f1os. Los incentivos fiscales ser\u00edan una buena soluci\u00f3n, pero tambi\u00e9n tener presente la irrupci\u00f3n de la nueva tecnolog\u00eda y los avances en materia de seguridad que la industria del autom\u00f3vil aporta, pero se quedan en papel mojado si no se ven en el mercado final.<\/p>\n\n\n\n<p>Por \u00faltimo, deciros que<strong> ya estamos preparando el Sal\u00f3n Ocasi\u00f3n, un a\u00f1o m\u00e1s<\/strong>, y esperamos que esperemos sea una edici\u00f3n positiva para el sector y, en paralelo, tambi\u00e9n la jornada catalana de automoci\u00f3n para analizar el mercado presente y futuro. Le mantendremos informados.<\/p>\n\n\n\n<p><strong>Jaume Roura Calls<\/strong><\/p>\n\n\n\n<p><strong>Presidente de Fecavem y el Gremi del Motor i la Mobilitat de Barcelona<\/strong><\/p>\n","protected":false},"excerpt":{"rendered":"<p>Iniciamos un mes de octubre con muchos frentes abiertos, quiz\u00e1 demasiado. Por un lado, con un nuevo Govern de la Generalitat de Catalunya que tiene una situaci\u00f3n comprometida con ERC y Comuns. Dos partidos que, a priori, no nos dan mucha seguridad para que el PSC y el presidente Salvador Illa pueda emprender su propia [&#8230;]<\/p>\n","protected":false},"author":2,"featured_media":15493,"comment_status":"closed","ping_status":"closed","sticky":false,"template":"","format":"standard","meta":{"footnotes":"","_links_to":"","_links_to_target":""},"categories":[96],"tags":[],"class_list":["post-15495","post","type-post","status-publish","format-standard","has-post-thumbnail","hentry","category-jaume-roura-es"],"_links":{"self":[{"href":"https:\/\/fecavem.com\/es\/wp-json\/wp\/v2\/posts\/15495","targetHints":{"allow":["GET"]}}],"collection":[{"href":"https:\/\/fecavem.com\/es\/wp-json\/wp\/v2\/posts"}],"about":[{"href":"https:\/\/fecavem.com\/es\/wp-json\/wp\/v2\/types\/post"}],"author":[{"embeddable":true,"href":"https:\/\/fecavem.com\/es\/wp-json\/wp\/v2\/users\/2"}],"replies":[{"embeddable":true,"href":"https:\/\/fecavem.com\/es\/wp-json\/wp\/v2\/comments?post=15495"}],"version-history":[{"count":2,"href":"https:\/\/fecavem.com\/es\/wp-json\/wp\/v2\/posts\/15495\/revisions"}],"predecessor-version":[{"id":15499,"href":"https:\/\/fecavem.com\/es\/wp-json\/wp\/v2\/posts\/15495\/revisions\/15499"}],"wp:featuredmedia":[{"embeddable":true,"href":"https:\/\/fecavem.com\/es\/wp-json\/wp\/v2\/media\/15493"}],"wp:attachment":[{"href":"https:\/\/fecavem.com\/es\/wp-json\/wp\/v2\/media?parent=15495"}],"wp:term":[{"taxonomy":"category","embeddable":true,"href":"https:\/\/fecavem.com\/es\/wp-json\/wp\/v2\/categories?post=15495"},{"taxonomy":"post_tag","embeddable":true,"href":"https:\/\/fecavem.com\/es\/wp-json\/wp\/v2\/tags?post=15495"}],"curies":[{"name":"wp","href":"https:\/\/api.w.org\/{rel}","templated":true}]}}