{"id":15967,"date":"2024-12-01T22:38:42","date_gmt":"2024-12-01T22:38:42","guid":{"rendered":"https:\/\/fecavem.com\/fecavem-fira-barcelona-treballen-per-a-la-celebracio-de-la-propera-edicio-salo-ocasio\/"},"modified":"2024-12-01T22:41:39","modified_gmt":"2024-12-01T22:41:39","slug":"fecavem-fira-barcelona-trabajan-celebracion-salon-ocasion","status":"publish","type":"post","link":"https:\/\/fecavem.com\/es\/fecavem-fira-barcelona-trabajan-celebracion-salon-ocasion\/","title":{"rendered":"Fecavem y Fira de Barcelona ya trabajan para la celebraci\u00f3n de la pr\u00f3xima edici\u00f3n del Sal\u00f3n Ocasi\u00f3n"},"content":{"rendered":"\n<p>Despu\u00e9s de haber suspendido la edici\u00f3n de este a\u00f1o por los motivos ya expuestos, <strong>tanto Fecavem como Fira de Barcelona ya trabajan y apuestan por la continuidad de un Sal\u00f3n Ocasi\u00f3n para 2025<\/strong> que se sumar\u00e1 a las 41 ediciones celebradas y un excelente posicionamiento como referente comercial del sector del veh\u00edculo seminuevo y con un amplio reconocimiento en Catalunya.<\/p>\n\n\n\n<p><strong>Fecavemos reitera el compromiso de seguir trabajando para continuar ofreciendo<\/strong> un evento de la m\u00e1xima calidad, con la voluntad de poder contar con la mejor oferta de veh\u00edculos seminuevos y usados, pero de cara a futuras ediciones.<\/p>\n\n\n\n<p>Las propuestas feriales y los mercados evolucionan,<strong> de modo que debe analizarse con profundidad el formato adecuado, para que responda a las necesidades de los momentos actuales.<\/strong><\/p>\n\n\n\n<p>Por todo ello, <strong>el Sal\u00f3n del Veh\u00edculo de ocasi\u00f3n de Barcelona volver\u00e1 con fuerza la pr\u00f3xima edici\u00f3n 2025, <\/strong>con la voluntad de responder a las necesidades tanto de los expositores que ofrecen sus veh\u00edculos y de los visitantes, que encuentran durante cinco d\u00edas al a\u00f1o , la mayor concentraci\u00f3n de veh\u00edculos del pa\u00eds.<\/p>\n","protected":false},"excerpt":{"rendered":"<p>Despu\u00e9s de haber suspendido la edici\u00f3n de este a\u00f1o por los motivos ya expuestos, tanto Fecavem como Fira de Barcelona ya trabajan y apuestan por la continuidad de un Sal\u00f3n Ocasi\u00f3n para 2025 que se sumar\u00e1 a las 41 ediciones celebradas y un excelente posicionamiento como referente comercial del sector del veh\u00edculo seminuevo y con [&#8230;]<\/p>\n","protected":false},"author":2,"featured_media":8599,"comment_status":"closed","ping_status":"closed","sticky":false,"template":"","format":"standard","meta":{"footnotes":"","_links_to":"","_links_to_target":""},"categories":[110],"tags":[],"class_list":["post-15967","post","type-post","status-publish","format-standard","has-post-thumbnail","hentry","category-fira-barcelona-es"],"_links":{"self":[{"href":"https:\/\/fecavem.com\/es\/wp-json\/wp\/v2\/posts\/15967","targetHints":{"allow":["GET"]}}],"collection":[{"href":"https:\/\/fecavem.com\/es\/wp-json\/wp\/v2\/posts"}],"about":[{"href":"https:\/\/fecavem.com\/es\/wp-json\/wp\/v2\/types\/post"}],"author":[{"embeddable":true,"href":"https:\/\/fecavem.com\/es\/wp-json\/wp\/v2\/users\/2"}],"replies":[{"embeddable":true,"href":"https:\/\/fecavem.com\/es\/wp-json\/wp\/v2\/comments?post=15967"}],"version-history":[{"count":1,"href":"https:\/\/fecavem.com\/es\/wp-json\/wp\/v2\/posts\/15967\/revisions"}],"predecessor-version":[{"id":15969,"href":"https:\/\/fecavem.com\/es\/wp-json\/wp\/v2\/posts\/15967\/revisions\/15969"}],"wp:featuredmedia":[{"embeddable":true,"href":"https:\/\/fecavem.com\/es\/wp-json\/wp\/v2\/media\/8599"}],"wp:attachment":[{"href":"https:\/\/fecavem.com\/es\/wp-json\/wp\/v2\/media?parent=15967"}],"wp:term":[{"taxonomy":"category","embeddable":true,"href":"https:\/\/fecavem.com\/es\/wp-json\/wp\/v2\/categories?post=15967"},{"taxonomy":"post_tag","embeddable":true,"href":"https:\/\/fecavem.com\/es\/wp-json\/wp\/v2\/tags?post=15967"}],"curies":[{"name":"wp","href":"https:\/\/api.w.org\/{rel}","templated":true}]}}