{"id":15974,"date":"2024-12-01T22:44:33","date_gmt":"2024-12-01T22:44:33","guid":{"rendered":"https:\/\/fecavem.com\/lajuntament-barcelona-obre-proces-electoral-per-renovar-la-comissio-permanent-pacte-mobilitat\/"},"modified":"2024-12-01T22:52:11","modified_gmt":"2024-12-01T22:52:11","slug":"ayuntamiento-barcelona-abre-proceso-comision-permanente-pacto-movilidad","status":"publish","type":"post","link":"https:\/\/fecavem.com\/es\/ayuntamiento-barcelona-abre-proceso-comision-permanente-pacto-movilidad\/","title":{"rendered":"El Ayuntamiento de Barcelona abre un proceso electoral para renovar la comisi\u00f3n permanente del Pacto por la Movilidad"},"content":{"rendered":"\n<p>El Pacto por la Movilidad es el espacio de di\u00e1logo abierto a colectivos y empresas promovido por el Ayuntamiento de Barcelona.<strong> Por primera vez, este a\u00f1o se eligen por votaci\u00f3n los componentes de la comisi\u00f3n permanente, formado por 15 integrantes<\/strong> que representan al conjunto de colectivos y empresas.\u00a0La funci\u00f3n principal de la Comisi\u00f3n consiste en que el Ayuntamiento, en primera instancia, presenta las iniciativas de debate e informaci\u00f3n, por su debate y posterior aprobaci\u00f3n.<\/p>\n\n\n\n<p>Ante el enorme impacto que tiene la movilidad en la actividad empresarial y ciudadana, <strong>el Gremi del Motor y Barcelona Oberta han impulsado una alianza en el sector empresarial <\/strong>para alcanzar una mayor\u00eda de integrantes que trabajen en pro de una movilidad orientada a eficiencia de los desplazamientos y la reducci\u00f3n de los costes operativos empresariales.<\/p>\n\n\n\n<p>Es una evidencia de que la transformaci\u00f3n de la movilidad en Barcelona en los \u00faltimos a\u00f1os es un hecho y <strong>los desplazamientos en superficie -que es el espacio por el que circulan veh\u00edculos a motor como son coches, furgonetas, furgones, camiones, motocicletas y ciclomotores-<\/strong>, s ha abierto a otros usos como espacio p\u00fablico, paso de peatones, paso del tranv\u00eda, los nuevos carriles bici, las incontables reformas de la v\u00eda p\u00fablica y la proliferaci\u00f3n de radares. Estas medidas, entre otras, han impactado de forma desigual en los diferentes negocios y han generado una preocupaci\u00f3n generalizada.<\/p>\n\n\n\n<p>Una<strong> acci\u00f3n colegiada con la que se quiere reconducir las reuniones del Pacto<\/strong> y centrarlas en temas operativos y con mayor incidencia en las actividades empresariales.<\/p>\n","protected":false},"excerpt":{"rendered":"<p>El Pacto por la Movilidad es el espacio de di\u00e1logo abierto a colectivos y empresas promovido por el Ayuntamiento de Barcelona. Por primera vez, este a\u00f1o se eligen por votaci\u00f3n los componentes de la comisi\u00f3n permanente, formado por 15 integrantes que representan al conjunto de colectivos y empresas.\u00a0La funci\u00f3n principal de la Comisi\u00f3n consiste en [&#8230;]<\/p>\n","protected":false},"author":2,"featured_media":15979,"comment_status":"closed","ping_status":"closed","sticky":false,"template":"","format":"standard","meta":{"footnotes":"","_links_to":"","_links_to_target":""},"categories":[103],"tags":[],"class_list":["post-15974","post","type-post","status-publish","format-standard","has-post-thumbnail","hentry","category-barcelona-es"],"_links":{"self":[{"href":"https:\/\/fecavem.com\/es\/wp-json\/wp\/v2\/posts\/15974","targetHints":{"allow":["GET"]}}],"collection":[{"href":"https:\/\/fecavem.com\/es\/wp-json\/wp\/v2\/posts"}],"about":[{"href":"https:\/\/fecavem.com\/es\/wp-json\/wp\/v2\/types\/post"}],"author":[{"embeddable":true,"href":"https:\/\/fecavem.com\/es\/wp-json\/wp\/v2\/users\/2"}],"replies":[{"embeddable":true,"href":"https:\/\/fecavem.com\/es\/wp-json\/wp\/v2\/comments?post=15974"}],"version-history":[{"count":3,"href":"https:\/\/fecavem.com\/es\/wp-json\/wp\/v2\/posts\/15974\/revisions"}],"predecessor-version":[{"id":15984,"href":"https:\/\/fecavem.com\/es\/wp-json\/wp\/v2\/posts\/15974\/revisions\/15984"}],"wp:featuredmedia":[{"embeddable":true,"href":"https:\/\/fecavem.com\/es\/wp-json\/wp\/v2\/media\/15979"}],"wp:attachment":[{"href":"https:\/\/fecavem.com\/es\/wp-json\/wp\/v2\/media?parent=15974"}],"wp:term":[{"taxonomy":"category","embeddable":true,"href":"https:\/\/fecavem.com\/es\/wp-json\/wp\/v2\/categories?post=15974"},{"taxonomy":"post_tag","embeddable":true,"href":"https:\/\/fecavem.com\/es\/wp-json\/wp\/v2\/tags?post=15974"}],"curies":[{"name":"wp","href":"https:\/\/api.w.org\/{rel}","templated":true}]}}