{"id":15994,"date":"2024-12-01T22:57:03","date_gmt":"2024-12-01T22:57:03","guid":{"rendered":"https:\/\/fecavem.com\/venda-vehicles-ocasio-mesures-preventives-problematiques-comuns-2\/"},"modified":"2024-12-01T23:01:49","modified_gmt":"2024-12-01T23:01:49","slug":"venta-vehiculos-ocasion-medidas-preventivas-problematicas-comunes","status":"publish","type":"post","link":"https:\/\/fecavem.com\/es\/venta-vehiculos-ocasion-medidas-preventivas-problematicas-comunes\/","title":{"rendered":"Venta de veh\u00edculos de ocasi\u00f3n: medidas preventivas y problem\u00e1ticas m\u00e1s comunes"},"content":{"rendered":"\n<p>En <strong>el marco del cuarto Automobile Talks de esta 2024,<\/strong> le informamos que tuvo lugar la sesi\u00f3n informativa titulada <em>Medidas preventivas y problem\u00e1ticas m\u00e1s comunes en la venta de ocasi\u00f3n &#8211; Visi\u00f3n 360.<\/em> Una jornada que fue todo un \u00e9xito de participaci\u00f3n con m\u00e1s de 150 asociados y asociadas inscritos.<\/p>\n\n\n\n<p>La agenda de la jornada,<strong> celebrada desde las instalaciones del Gremi del Motor en formato h\u00edbrido,<\/strong> intervinieron y participaron los abogados Pedro Carlos, Juan Blancafort, Paz Cano, Antonia Esquivel, el perito Juan M. Acero, el CEO de Coberclick Patrick Calle y el delegado comercial de una financiera al consumo, Josep Mulero y el profesional en motor, Jordi Ratera.<\/p>\n\n\n\n<p><\/p>\n\n\n\n<figure class=\"wp-block-image size-large\"><img loading=\"lazy\" decoding=\"async\" width=\"1024\" height=\"768\" src=\"https:\/\/fecavem.com\/wp-content\/uploads\/2024\/12\/WhatsApp-Image-2024-11-18-at-12.50.25-1024x768.jpeg\" alt=\"\" class=\"wp-image-15989\" srcset=\"https:\/\/fecavem.com\/wp-content\/uploads\/2024\/12\/WhatsApp-Image-2024-11-18-at-12.50.25-1024x768.jpeg 1024w, https:\/\/fecavem.com\/wp-content\/uploads\/2024\/12\/WhatsApp-Image-2024-11-18-at-12.50.25-300x225.jpeg 300w, https:\/\/fecavem.com\/wp-content\/uploads\/2024\/12\/WhatsApp-Image-2024-11-18-at-12.50.25-768x576.jpeg 768w, https:\/\/fecavem.com\/wp-content\/uploads\/2024\/12\/WhatsApp-Image-2024-11-18-at-12.50.25-1536x1152.jpeg 1536w, https:\/\/fecavem.com\/wp-content\/uploads\/2024\/12\/WhatsApp-Image-2024-11-18-at-12.50.25-750x563.jpeg 750w, https:\/\/fecavem.com\/wp-content\/uploads\/2024\/12\/WhatsApp-Image-2024-11-18-at-12.50.25-1140x855.jpeg 1140w, https:\/\/fecavem.com\/wp-content\/uploads\/2024\/12\/WhatsApp-Image-2024-11-18-at-12.50.25.jpeg 2048w\" sizes=\"auto, (max-width: 1024px) 100vw, 1024px\" \/><\/figure>\n\n\n\n<p><\/p>\n\n\n\n<p>Esta sesi\u00f3n se ha pensado exclusivamente para los profesionales del motor asociados y se facilitaron pautas y recomendaciones de soporte en su labor comercial. En su turno de intervenci\u00f3n, <strong>Joan Blancafort, Secretario General del Gremi del Motor y portavoz de Fecavem, aconsej\u00f3 \u201ctomarse el tiempo necesario para asegurarse de que la informaci\u00f3n sea correcta desde el principio, evita errores y confusiones m\u00e1s adelante\u201d <\/strong>. Y a\u00f1adi\u00f3: \u00abInvirtiendo tiempo en la preparaci\u00f3n, podr\u00e1 ahorrarse tiempo y problemas a la larga\u00bb.<\/p>\n\n\n\n<p><\/p>\n\n\n\n<figure class=\"wp-block-image size-large\"><img loading=\"lazy\" decoding=\"async\" width=\"1024\" height=\"768\" src=\"https:\/\/fecavem.com\/wp-content\/uploads\/2024\/12\/WhatsApp-Image-2024-11-18-at-12.26.16-1024x768.jpeg\" alt=\"\" class=\"wp-image-15991\" srcset=\"https:\/\/fecavem.com\/wp-content\/uploads\/2024\/12\/WhatsApp-Image-2024-11-18-at-12.26.16-1024x768.jpeg 1024w, https:\/\/fecavem.com\/wp-content\/uploads\/2024\/12\/WhatsApp-Image-2024-11-18-at-12.26.16-300x225.jpeg 300w, https:\/\/fecavem.com\/wp-content\/uploads\/2024\/12\/WhatsApp-Image-2024-11-18-at-12.26.16-768x576.jpeg 768w, https:\/\/fecavem.com\/wp-content\/uploads\/2024\/12\/WhatsApp-Image-2024-11-18-at-12.26.16-1536x1152.jpeg 1536w, https:\/\/fecavem.com\/wp-content\/uploads\/2024\/12\/WhatsApp-Image-2024-11-18-at-12.26.16-750x563.jpeg 750w, https:\/\/fecavem.com\/wp-content\/uploads\/2024\/12\/WhatsApp-Image-2024-11-18-at-12.26.16-1140x855.jpeg 1140w, https:\/\/fecavem.com\/wp-content\/uploads\/2024\/12\/WhatsApp-Image-2024-11-18-at-12.26.16.jpeg 2048w\" sizes=\"auto, (max-width: 1024px) 100vw, 1024px\" \/><\/figure>\n\n\n\n<p><\/p>\n\n\n\n<p>En esta l\u00ednea, para asegurar que la informaci\u00f3n sea correcta desde el principio,<strong> Fecavem a trav\u00e9s de las asociaciones que la integran, ponen a disposici\u00f3n de los profesionales del motor como soporte<\/strong>, modelos de contrato para la venta de veh\u00edculos de ocasi\u00f3n, que actualizamos peri\u00f3dicamente. De esta forma, siguiendo unas sencillas pautas, se pueden minimizar las reclamaciones posteriores.<\/p>\n","protected":false},"excerpt":{"rendered":"<p>En el marco del cuarto Automobile Talks de esta 2024, le informamos que tuvo lugar la sesi\u00f3n informativa titulada Medidas preventivas y problem\u00e1ticas m\u00e1s comunes en la venta de ocasi\u00f3n &#8211; Visi\u00f3n 360. Una jornada que fue todo un \u00e9xito de participaci\u00f3n con m\u00e1s de 150 asociados y asociadas inscritos. La agenda de la jornada, [&#8230;]<\/p>\n","protected":false},"author":2,"featured_media":15987,"comment_status":"closed","ping_status":"closed","sticky":false,"template":"","format":"standard","meta":{"footnotes":"","_links_to":"","_links_to_target":""},"categories":[104],"tags":[],"class_list":["post-15994","post","type-post","status-publish","format-standard","has-post-thumbnail","hentry","category-automobile-talks-es"],"_links":{"self":[{"href":"https:\/\/fecavem.com\/es\/wp-json\/wp\/v2\/posts\/15994","targetHints":{"allow":["GET"]}}],"collection":[{"href":"https:\/\/fecavem.com\/es\/wp-json\/wp\/v2\/posts"}],"about":[{"href":"https:\/\/fecavem.com\/es\/wp-json\/wp\/v2\/types\/post"}],"author":[{"embeddable":true,"href":"https:\/\/fecavem.com\/es\/wp-json\/wp\/v2\/users\/2"}],"replies":[{"embeddable":true,"href":"https:\/\/fecavem.com\/es\/wp-json\/wp\/v2\/comments?post=15994"}],"version-history":[{"count":2,"href":"https:\/\/fecavem.com\/es\/wp-json\/wp\/v2\/posts\/15994\/revisions"}],"predecessor-version":[{"id":15999,"href":"https:\/\/fecavem.com\/es\/wp-json\/wp\/v2\/posts\/15994\/revisions\/15999"}],"wp:featuredmedia":[{"embeddable":true,"href":"https:\/\/fecavem.com\/es\/wp-json\/wp\/v2\/media\/15987"}],"wp:attachment":[{"href":"https:\/\/fecavem.com\/es\/wp-json\/wp\/v2\/media?parent=15994"}],"wp:term":[{"taxonomy":"category","embeddable":true,"href":"https:\/\/fecavem.com\/es\/wp-json\/wp\/v2\/categories?post=15994"},{"taxonomy":"post_tag","embeddable":true,"href":"https:\/\/fecavem.com\/es\/wp-json\/wp\/v2\/tags?post=15994"}],"curies":[{"name":"wp","href":"https:\/\/api.w.org\/{rel}","templated":true}]}}