{"id":16027,"date":"2024-12-01T23:31:00","date_gmt":"2024-12-01T23:31:00","guid":{"rendered":"https:\/\/fecavem.com\/donem-veu-sector-fecavem-reuneix-amb-conselleria-empresa-treball\/"},"modified":"2024-12-01T23:35:32","modified_gmt":"2024-12-01T23:35:32","slug":"damos-voz-sector-fecavem-reune-conselleria-empresa-treball","status":"publish","type":"post","link":"https:\/\/fecavem.com\/es\/damos-voz-sector-fecavem-reune-conselleria-empresa-treball\/","title":{"rendered":"Damos voz al sector: Fecavem se re\u00fane con la Conselleria de Empresa y Trabajo"},"content":{"rendered":"\n<p>El pasado d\u00eda 12 de noviembre, el Gremi del Motor y Fecavem impulsaron una reuni\u00f3n con la nueva direcci\u00f3n de la Conselleria de Empresa y Empleo, concretamente con <strong>D. Oriol Alcoba, Director General de Industria y D. Tom\u00e1s Meg\u00eda, responsable de acci\u00f3n en el proceso de transformaci\u00f3n de los sectores de movilidad y automoci\u00f3n.<\/strong><\/p>\n\n\n\n<p>El <strong>Presidente de Fecavem y el Gremio del Motor, Jaume Roura, present\u00f3 las preocupaciones y consideraciones de nuestra patronal, destacando la necesidad de un plan de ayudas catal\u00e1n para renovar el parque de veh\u00edculos, siguiendo el modelo de otras comunidades aut\u00f3nomas<\/strong> o ciudades del pa\u00eds; el apoyo expl\u00edcito a asegurar que el espa\u00f1ol cumpla los objetivos europeos sobre el cambio clim\u00e1tico, aplicados en la adquisici\u00f3n de veh\u00edculos electrificados y la red de suministro el\u00e9ctrico de veh\u00edculos. Y pidi\u00f3 especial atenci\u00f3n a las medidas en el \u00e1mbito laboral, en los t\u00e9rminos que proponen las patronales del sector Foment del Treball Nacional y la Uni\u00f3n Patronal Metal\u00fargica.<\/p>\n\n\n\n<p>Entre estas necesidades, destacamos la relacionada con la petici\u00f3n de un plan de ayudas a la compra de veh\u00edculos Renove. <strong>De la mano de la patronal espa\u00f1ola de concesionarios Faconauto, Fecavem entreg\u00f3 una propuesta para la implementaci\u00f3n en Catalunya de estas ayudas<\/strong>, partiendo de los planes que ya funcionan o est\u00e1n en v\u00edas de implementaci\u00f3n.\u00a0<\/p>\n\n\n\n<p>En la reuni\u00f3n, <strong>el presidente Roura advirti\u00f3 del impacto negativo por el sector y por la propia administraci\u00f3n relacionada con el Impuesto sobre las emisiones de CO2 de los veh\u00edculos<\/strong>; y el impacto de la regulaci\u00f3n del Plan de Calidad del aire, en lo que se refiere a las restricciones de uso de los veh\u00edculos con etiqueta B o sin distintivo en las Zonas de Bajas Emisiones.<\/p>\n","protected":false},"excerpt":{"rendered":"<p>El pasado d\u00eda 12 de noviembre, el Gremi del Motor y Fecavem impulsaron una reuni\u00f3n con la nueva direcci\u00f3n de la Conselleria de Empresa y Empleo, concretamente con D. Oriol Alcoba, Director General de Industria y D. Tom\u00e1s Meg\u00eda, responsable de acci\u00f3n en el proceso de transformaci\u00f3n de los sectores de movilidad y automoci\u00f3n. El [&#8230;]<\/p>\n","protected":false},"author":2,"featured_media":16025,"comment_status":"closed","ping_status":"closed","sticky":false,"template":"","format":"standard","meta":{"footnotes":"","_links_to":"","_links_to_target":""},"categories":[92],"tags":[],"class_list":["post-16027","post","type-post","status-publish","format-standard","has-post-thumbnail","hentry","category-govern-es"],"_links":{"self":[{"href":"https:\/\/fecavem.com\/es\/wp-json\/wp\/v2\/posts\/16027","targetHints":{"allow":["GET"]}}],"collection":[{"href":"https:\/\/fecavem.com\/es\/wp-json\/wp\/v2\/posts"}],"about":[{"href":"https:\/\/fecavem.com\/es\/wp-json\/wp\/v2\/types\/post"}],"author":[{"embeddable":true,"href":"https:\/\/fecavem.com\/es\/wp-json\/wp\/v2\/users\/2"}],"replies":[{"embeddable":true,"href":"https:\/\/fecavem.com\/es\/wp-json\/wp\/v2\/comments?post=16027"}],"version-history":[{"count":1,"href":"https:\/\/fecavem.com\/es\/wp-json\/wp\/v2\/posts\/16027\/revisions"}],"predecessor-version":[{"id":16029,"href":"https:\/\/fecavem.com\/es\/wp-json\/wp\/v2\/posts\/16027\/revisions\/16029"}],"wp:featuredmedia":[{"embeddable":true,"href":"https:\/\/fecavem.com\/es\/wp-json\/wp\/v2\/media\/16025"}],"wp:attachment":[{"href":"https:\/\/fecavem.com\/es\/wp-json\/wp\/v2\/media?parent=16027"}],"wp:term":[{"taxonomy":"category","embeddable":true,"href":"https:\/\/fecavem.com\/es\/wp-json\/wp\/v2\/categories?post=16027"},{"taxonomy":"post_tag","embeddable":true,"href":"https:\/\/fecavem.com\/es\/wp-json\/wp\/v2\/tags?post=16027"}],"curies":[{"name":"wp","href":"https:\/\/api.w.org\/{rel}","templated":true}]}}