{"id":16187,"date":"2024-12-13T16:37:45","date_gmt":"2024-12-13T16:37:45","guid":{"rendered":"https:\/\/fecavem.com\/fecavem-suma-economia-productiva-foment-treball\/"},"modified":"2024-12-13T16:41:10","modified_gmt":"2024-12-13T16:41:10","slug":"fecavem-suma-economia-productiva-foment-trabajo","status":"publish","type":"post","link":"https:\/\/fecavem.com\/es\/fecavem-suma-economia-productiva-foment-trabajo\/","title":{"rendered":"Fecavem se suma al &#8216;S\u00ed a la econom\u00eda productiva&#8217; de Foment del Treball"},"content":{"rendered":"\n<p>La Patronal Catalana de la Distribuci\u00f3n de Automoci\u00f3n, Fecavem, se suma al clamor de Fomento del Trabajo Nacional \u201cS\u00ed a la econom\u00eda productiva, s\u00ed al di\u00e1logo social, s\u00ed a la democracia\u201d.\u00a0Con el respeto y la contundencia, manifestamos que no estamos en contra de una reducci\u00f3n de la jornada laboral por principio, sino en contra de una reducci\u00f3n de la jornada laboral general y por decreto. Y manifestamos el peligro productivo que esto comportar\u00e1. <strong>El portavoz de Fecavem, Joan Blancafort, fue uno de los representantes en la fotograf\u00eda final de los adheridos. Por su parte, una parte del manifiesto la ha le\u00eddo el sr. Albert Segarra, vocal Junta de Gobierno Uni\u00f3n Patronal Metal\u00fargica y miembro del Comit\u00e9 Ejecutivo UPM. <\/strong>Cabe recordar que el Gremio del Motor y la Movilidad va de la mano con la UPM.<\/p>\n\n\n\n<figure class=\"wp-block-image size-large\"><img loading=\"lazy\" decoding=\"async\" width=\"1024\" height=\"683\" src=\"https:\/\/fecavem.com\/wp-content\/uploads\/2024\/12\/FOMENT-SURIS-1024x683.jpg\" alt=\"\" class=\"wp-image-16177\" srcset=\"https:\/\/fecavem.com\/wp-content\/uploads\/2024\/12\/FOMENT-SURIS-1024x683.jpg 1024w, https:\/\/fecavem.com\/wp-content\/uploads\/2024\/12\/FOMENT-SURIS-300x200.jpg 300w, https:\/\/fecavem.com\/wp-content\/uploads\/2024\/12\/FOMENT-SURIS-768x512.jpg 768w, https:\/\/fecavem.com\/wp-content\/uploads\/2024\/12\/FOMENT-SURIS-1536x1024.jpg 1536w, https:\/\/fecavem.com\/wp-content\/uploads\/2024\/12\/FOMENT-SURIS-2048x1365.jpg 2048w, https:\/\/fecavem.com\/wp-content\/uploads\/2024\/12\/FOMENT-SURIS-750x500.jpg 750w, https:\/\/fecavem.com\/wp-content\/uploads\/2024\/12\/FOMENT-SURIS-1140x760.jpg 1140w\" sizes=\"auto, (max-width: 1024px) 100vw, 1024px\" \/><\/figure>\n\n\n\n<p><\/p>\n\n\n\n<p>De esta manera<strong>, Fecavem forma parte de una de las 19 entidades representantes de sectores empresariales catalanes, las cuales han hecho p\u00fablico este viernes un manifiesto en el que han defendido el di\u00e1logo social como veh\u00edculo <\/strong>para la negociaci\u00f3n de los agentes sociales como respuesta a la propuesta de reducci\u00f3n de jornada laboral que promueve el Ministerio de Trabajo.<\/p>\n\n\n\n<figure class=\"wp-block-image size-large\"><img loading=\"lazy\" decoding=\"async\" width=\"1024\" height=\"683\" src=\"https:\/\/fecavem.com\/wp-content\/uploads\/2024\/12\/JJVF2502-1024x683.jpg\" alt=\"\" class=\"wp-image-16181\" srcset=\"https:\/\/fecavem.com\/wp-content\/uploads\/2024\/12\/JJVF2502-1024x683.jpg 1024w, https:\/\/fecavem.com\/wp-content\/uploads\/2024\/12\/JJVF2502-300x200.jpg 300w, https:\/\/fecavem.com\/wp-content\/uploads\/2024\/12\/JJVF2502-768x512.jpg 768w, https:\/\/fecavem.com\/wp-content\/uploads\/2024\/12\/JJVF2502-1536x1024.jpg 1536w, https:\/\/fecavem.com\/wp-content\/uploads\/2024\/12\/JJVF2502-2048x1365.jpg 2048w, https:\/\/fecavem.com\/wp-content\/uploads\/2024\/12\/JJVF2502-750x500.jpg 750w, https:\/\/fecavem.com\/wp-content\/uploads\/2024\/12\/JJVF2502-1140x760.jpg 1140w\" sizes=\"auto, (max-width: 1024px) 100vw, 1024px\" \/><\/figure>\n\n\n\n<p><\/p>\n\n\n\n<p>Los firmantes del manifiesto, que son una muestra de los sectores m\u00e1s afectados por la propuesta del Ministerio de Trabajo, tachan de injerencia unilateral la propuesta de reducci\u00f3n de la jornada laboral que se ha hecho sin di\u00e1logo social y han a\u00f1adido que provocar\u00eda costes laborales significativos especialmente en peque\u00f1as y medianas empresas. <strong>El texto firmado y presentado remarca la importancia de respetar los mecanismos democr\u00e1ticos del Di\u00e1logo Social, para seguir protegiendo los intereses de las empresas y de la econom\u00eda productiva y, por tanto, de la democracia.\u00a0<\/strong> El presidente de Foment, Josep S\u00e1nchez Llibre, ha lanzado este mensaje: \u201cSe\u00f1ora vicepresidenta del Gobierno Yolanda D\u00edaz, con el m\u00e1ximo cari\u00f1o, pero tambi\u00e9n con la m\u00e1xima contundencia: Fomento no est\u00e1 en contra de la reducci\u00f3n de la jornada laboral por principio, sino de la reducci\u00f3n generalizada\u201d.<\/p>\n","protected":false},"excerpt":{"rendered":"<p>La Patronal Catalana de la Distribuci\u00f3n de Automoci\u00f3n, Fecavem, se suma al clamor de Fomento del Trabajo Nacional \u201cS\u00ed a la econom\u00eda productiva, s\u00ed al di\u00e1logo social, s\u00ed a la democracia\u201d.\u00a0Con el respeto y la contundencia, manifestamos que no estamos en contra de una reducci\u00f3n de la jornada laboral por principio, sino en contra de [&#8230;]<\/p>\n","protected":false},"author":2,"featured_media":16184,"comment_status":"closed","ping_status":"closed","sticky":false,"template":"","format":"standard","meta":{"footnotes":"","_links_to":"","_links_to_target":""},"categories":[101],"tags":[],"class_list":["post-16187","post","type-post","status-publish","format-standard","has-post-thumbnail","hentry","category-administracion"],"_links":{"self":[{"href":"https:\/\/fecavem.com\/es\/wp-json\/wp\/v2\/posts\/16187","targetHints":{"allow":["GET"]}}],"collection":[{"href":"https:\/\/fecavem.com\/es\/wp-json\/wp\/v2\/posts"}],"about":[{"href":"https:\/\/fecavem.com\/es\/wp-json\/wp\/v2\/types\/post"}],"author":[{"embeddable":true,"href":"https:\/\/fecavem.com\/es\/wp-json\/wp\/v2\/users\/2"}],"replies":[{"embeddable":true,"href":"https:\/\/fecavem.com\/es\/wp-json\/wp\/v2\/comments?post=16187"}],"version-history":[{"count":1,"href":"https:\/\/fecavem.com\/es\/wp-json\/wp\/v2\/posts\/16187\/revisions"}],"predecessor-version":[{"id":16189,"href":"https:\/\/fecavem.com\/es\/wp-json\/wp\/v2\/posts\/16187\/revisions\/16189"}],"wp:featuredmedia":[{"embeddable":true,"href":"https:\/\/fecavem.com\/es\/wp-json\/wp\/v2\/media\/16184"}],"wp:attachment":[{"href":"https:\/\/fecavem.com\/es\/wp-json\/wp\/v2\/media?parent=16187"}],"wp:term":[{"taxonomy":"category","embeddable":true,"href":"https:\/\/fecavem.com\/es\/wp-json\/wp\/v2\/categories?post=16187"},{"taxonomy":"post_tag","embeddable":true,"href":"https:\/\/fecavem.com\/es\/wp-json\/wp\/v2\/tags?post=16187"}],"curies":[{"name":"wp","href":"https:\/\/api.w.org\/{rel}","templated":true}]}}