{"id":16245,"date":"2025-01-01T11:13:39","date_gmt":"2025-01-01T11:13:39","guid":{"rendered":"https:\/\/fecavem.com\/2025-vindra-marcat-negociacions-convenis-metall-expliquem-com\/"},"modified":"2025-01-01T11:16:33","modified_gmt":"2025-01-01T11:16:33","slug":"2025-vindra-marcat-negociacions-convenis-metall-expliquem-com","status":"publish","type":"post","link":"https:\/\/fecavem.com\/es\/2025-vindra-marcat-negociacions-convenis-metall-expliquem-com\/","title":{"rendered":"En 2025 vendr\u00e1 marcado por las negociaciones de los convenios del metal: te contamos c\u00f3mo"},"content":{"rendered":"\n<p>El pasado mes de noviembre se acord\u00f3 la denuncia conjunta de los dos convenios entre las partes legitimadas, por la parte empresarial,<strong> la Uni\u00f3 Patronal Metal\u00b7l\u00fargica (UPM), y, CCOO de Industria de Catalunya y UGT FICA Catalunya<\/strong>, por la parte sindical, que tiene vigencia hasta el 31 de diciembre de 2024.<\/p>\n\n\n\n<p>Una vez denunciados los convenios, se da<strong> el pistoletazo de salida a las negociaciones para la revisi\u00f3n del convenio<\/strong>, que seguir\u00e1 aplic\u00e1ndose hasta la firma del nuevo convenio.<\/p>\n\n\n\n<p>La negociaci\u00f3n vendr\u00e1 marcada por la situaci\u00f3n actual de incertidumbre en cuanto a la reducci\u00f3n de jornada laboral que <strong>se pretende desde el Ministerio de Trabajo, y sin que todav\u00eda el d\u00eda de hoy, sepamos c\u00f3mo puede mejorar la productividad en las empresas<\/strong>, as\u00ed como otras medidas que afecten al di\u00e1logo social y la negociaci\u00f3n colectiva. En el caso de la jornada, esta medida externa a la negociaci\u00f3n de los convenios tiene conexi\u00f3n directa con los incrementos salariales, dada la reducci\u00f3n que se pretende sin reducci\u00f3n de salarios.<\/p>\n\n\n\n<p>Estos convenios<strong> regulan condiciones laborales de m\u00e1s de 200.000 personas empleadas que trabajan en los sectores metal\u00fargicos de la provincia de Barcelona<\/strong>, \u200b\u200bque engloba el mayor n\u00famero de empresas industriales de todo el territorio y sirve de referencia para otros sectores de actividad.<\/p>\n\n\n\n<p><\/p>\n","protected":false},"excerpt":{"rendered":"<p>El pasado mes de noviembre se acord\u00f3 la denuncia conjunta de los dos convenios entre las partes legitimadas, por la parte empresarial, la Uni\u00f3 Patronal Metal\u00b7l\u00fargica (UPM), y, CCOO de Industria de Catalunya y UGT FICA Catalunya, por la parte sindical, que tiene vigencia hasta el 31 de diciembre de 2024. Una vez denunciados los [&#8230;]<\/p>\n","protected":false},"author":2,"featured_media":16243,"comment_status":"closed","ping_status":"closed","sticky":false,"template":"","format":"standard","meta":{"footnotes":"","_links_to":"","_links_to_target":""},"categories":[91],"tags":[],"class_list":["post-16245","post","type-post","status-publish","format-standard","has-post-thumbnail","hentry","category-gremi-del-motor-es"],"_links":{"self":[{"href":"https:\/\/fecavem.com\/es\/wp-json\/wp\/v2\/posts\/16245","targetHints":{"allow":["GET"]}}],"collection":[{"href":"https:\/\/fecavem.com\/es\/wp-json\/wp\/v2\/posts"}],"about":[{"href":"https:\/\/fecavem.com\/es\/wp-json\/wp\/v2\/types\/post"}],"author":[{"embeddable":true,"href":"https:\/\/fecavem.com\/es\/wp-json\/wp\/v2\/users\/2"}],"replies":[{"embeddable":true,"href":"https:\/\/fecavem.com\/es\/wp-json\/wp\/v2\/comments?post=16245"}],"version-history":[{"count":2,"href":"https:\/\/fecavem.com\/es\/wp-json\/wp\/v2\/posts\/16245\/revisions"}],"predecessor-version":[{"id":16248,"href":"https:\/\/fecavem.com\/es\/wp-json\/wp\/v2\/posts\/16245\/revisions\/16248"}],"wp:featuredmedia":[{"embeddable":true,"href":"https:\/\/fecavem.com\/es\/wp-json\/wp\/v2\/media\/16243"}],"wp:attachment":[{"href":"https:\/\/fecavem.com\/es\/wp-json\/wp\/v2\/media?parent=16245"}],"wp:term":[{"taxonomy":"category","embeddable":true,"href":"https:\/\/fecavem.com\/es\/wp-json\/wp\/v2\/categories?post=16245"},{"taxonomy":"post_tag","embeddable":true,"href":"https:\/\/fecavem.com\/es\/wp-json\/wp\/v2\/tags?post=16245"}],"curies":[{"name":"wp","href":"https:\/\/api.w.org\/{rel}","templated":true}]}}