{"id":16444,"date":"2025-01-28T16:16:12","date_gmt":"2025-01-28T16:16:12","guid":{"rendered":"https:\/\/fecavem.com\/fecavem-es-reuneix-amb-la-consellera-deconomia-i-finances-alicia-romero\/"},"modified":"2025-01-28T16:20:41","modified_gmt":"2025-01-28T16:20:41","slug":"fecavem-reune-consellera-economia-finances-alicia-romero","status":"publish","type":"post","link":"https:\/\/fecavem.com\/es\/fecavem-reune-consellera-economia-finances-alicia-romero\/","title":{"rendered":"Fecavem se re\u00fane con la Consellera de Economia y Finanzas, Al\u00edcia Romero"},"content":{"rendered":"\n<p><strong><strong>Fecavem, la Patronal Catalana de Distribuci\u00f3n de Automoci\u00f3n, se ha reunido este lunes con la Hble. D\u00aa. Alicia Romero, Consellera de Econom\u00eda y Finanzas, y con el sr. V\u00edctor Soria, Director General de Actividad Econ\u00f3mica del Govern de la Generalitat de Catalunya. Por parte de Fecavem han asistido su Presidente Jaume Roura i Calls, el Sr. Agust\u00ed Garc\u00eda, vicepresidente de Fecavem y Faconauto y Sr.\u00a0Joan Blancafort, Portavoz y Secretario General de Fecavem y el Gremio del Motor y la Movilidad de Barcelona.<\/strong><\/strong><\/p>\n\n\n\n<figure class=\"wp-block-image size-large\"><img loading=\"lazy\" decoding=\"async\" width=\"1024\" height=\"683\" src=\"https:\/\/fecavem.com\/wp-content\/uploads\/2025\/01\/1000048460-1024x683.jpg\" alt=\"\" class=\"wp-image-16439\" srcset=\"https:\/\/fecavem.com\/wp-content\/uploads\/2025\/01\/1000048460-1024x683.jpg 1024w, https:\/\/fecavem.com\/wp-content\/uploads\/2025\/01\/1000048460-300x200.jpg 300w, https:\/\/fecavem.com\/wp-content\/uploads\/2025\/01\/1000048460-768x512.jpg 768w, https:\/\/fecavem.com\/wp-content\/uploads\/2025\/01\/1000048460-1536x1024.jpg 1536w, https:\/\/fecavem.com\/wp-content\/uploads\/2025\/01\/1000048460-2048x1365.jpg 2048w, https:\/\/fecavem.com\/wp-content\/uploads\/2025\/01\/1000048460-750x500.jpg 750w, https:\/\/fecavem.com\/wp-content\/uploads\/2025\/01\/1000048460-1140x760.jpg 1140w\" sizes=\"auto, (max-width: 1024px) 100vw, 1024px\" \/><\/figure>\n\n\n\n<p><\/p>\n\n\n\n<p>En el transcurso de la reuni\u00f3n, los representantes empresariales han brindado su voluntad de fortalecer la relaci\u00f3n p\u00fablico-privada y han manifestado sus preocupaciones. Fecavem ha presentado un informe que va en las siguientes l\u00edneas:<\/p>\n\n\n\n<ul class=\"wp-block-list\">\n<li>Por qu\u00e9 Catalu\u00f1a lidera las restricciones al uso del veh\u00edculo motorizado, por lo que resta competitividad al sector de la automoci\u00f3n, tractor de la econom\u00eda y ocupaci\u00f3n catalana. Y beneficia a otras comunidades como la de Madrid.<\/li>\n<\/ul>\n\n\n\n<ul class=\"wp-block-list\">\n<li>Definir cu\u00e1l es la situaci\u00f3n del plan de ayudas p\u00fablicas Moves III y las desgravaciones fiscales. Percibimos que este aspecto provoca incertidumbre entre asociados y asociadas.<\/li>\n<\/ul>\n\n\n\n<ul class=\"wp-block-list\">\n<li>El impacto negativo del impuesto sobre las emisiones de CO2 para el sector, pero tambi\u00e9n para la recaudaci\u00f3n fiscal con un informe sobre unos resultados que no cumplen los marcados.<\/li>\n<\/ul>\n\n\n\n<p>Los representantes de Fecavem han entregado dos informes que justifican la necesidad de eliminar o suspender el impuesto sobre las emisiones de CO2 y una propuesta para impulsar el modelo de plan de ayudas, que propone la patronal de los concesionarios espa\u00f1ola Faconauto, que est\u00e1 disfrutando de buenos resultados en Galicia, La Rioja, Cantabria y la Comunidad de Madrid.<\/p>\n\n\n\n<figure class=\"wp-block-image size-large\"><img loading=\"lazy\" decoding=\"async\" width=\"1024\" height=\"683\" src=\"https:\/\/fecavem.com\/wp-content\/uploads\/2025\/01\/1000048431-copia-1024x683.jpg\" alt=\"\" class=\"wp-image-16442\" srcset=\"https:\/\/fecavem.com\/wp-content\/uploads\/2025\/01\/1000048431-copia-1024x683.jpg 1024w, https:\/\/fecavem.com\/wp-content\/uploads\/2025\/01\/1000048431-copia-300x200.jpg 300w, https:\/\/fecavem.com\/wp-content\/uploads\/2025\/01\/1000048431-copia-768x512.jpg 768w, https:\/\/fecavem.com\/wp-content\/uploads\/2025\/01\/1000048431-copia-1536x1024.jpg 1536w, https:\/\/fecavem.com\/wp-content\/uploads\/2025\/01\/1000048431-copia-2048x1365.jpg 2048w, https:\/\/fecavem.com\/wp-content\/uploads\/2025\/01\/1000048431-copia-750x500.jpg 750w, https:\/\/fecavem.com\/wp-content\/uploads\/2025\/01\/1000048431-copia-1140x760.jpg 1140w\" sizes=\"auto, (max-width: 1024px) 100vw, 1024px\" \/><\/figure>\n\n\n\n<p><\/p>\n\n\n\n<p>Ambas partes han convenido encontrar puntos de colaboraci\u00f3n, para dar salida a las necesidades transmitidas por la patronal catalana Fecavem. Agradecemos la atenci\u00f3n de la Consellera y esperamos que nuestras reivindicaciones adquieran el compromiso que pedimos en el nuevo Govern de la Generalitat del President Salvador Illa. Fecavem continuar\u00e1 estableciendo puentes de di\u00e1logo con los diferentes representantes p\u00fablicos y le informar\u00e1 puntualmente.<\/p>\n","protected":false},"excerpt":{"rendered":"<p>Fecavem, la Patronal Catalana de Distribuci\u00f3n de Automoci\u00f3n, se ha reunido este lunes con la Hble. D\u00aa. Alicia Romero, Consellera de Econom\u00eda y Finanzas, y con el sr. V\u00edctor Soria, Director General de Actividad Econ\u00f3mica del Govern de la Generalitat de Catalunya. Por parte de Fecavem han asistido su Presidente Jaume Roura i Calls, el [&#8230;]<\/p>\n","protected":false},"author":2,"featured_media":16438,"comment_status":"closed","ping_status":"closed","sticky":false,"template":"","format":"standard","meta":{"footnotes":"","_links_to":"","_links_to_target":""},"categories":[92],"tags":[],"class_list":["post-16444","post","type-post","status-publish","format-standard","has-post-thumbnail","hentry","category-govern-es"],"_links":{"self":[{"href":"https:\/\/fecavem.com\/es\/wp-json\/wp\/v2\/posts\/16444","targetHints":{"allow":["GET"]}}],"collection":[{"href":"https:\/\/fecavem.com\/es\/wp-json\/wp\/v2\/posts"}],"about":[{"href":"https:\/\/fecavem.com\/es\/wp-json\/wp\/v2\/types\/post"}],"author":[{"embeddable":true,"href":"https:\/\/fecavem.com\/es\/wp-json\/wp\/v2\/users\/2"}],"replies":[{"embeddable":true,"href":"https:\/\/fecavem.com\/es\/wp-json\/wp\/v2\/comments?post=16444"}],"version-history":[{"count":2,"href":"https:\/\/fecavem.com\/es\/wp-json\/wp\/v2\/posts\/16444\/revisions"}],"predecessor-version":[{"id":16448,"href":"https:\/\/fecavem.com\/es\/wp-json\/wp\/v2\/posts\/16444\/revisions\/16448"}],"wp:featuredmedia":[{"embeddable":true,"href":"https:\/\/fecavem.com\/es\/wp-json\/wp\/v2\/media\/16438"}],"wp:attachment":[{"href":"https:\/\/fecavem.com\/es\/wp-json\/wp\/v2\/media?parent=16444"}],"wp:term":[{"taxonomy":"category","embeddable":true,"href":"https:\/\/fecavem.com\/es\/wp-json\/wp\/v2\/categories?post=16444"},{"taxonomy":"post_tag","embeddable":true,"href":"https:\/\/fecavem.com\/es\/wp-json\/wp\/v2\/tags?post=16444"}],"curies":[{"name":"wp","href":"https:\/\/api.w.org\/{rel}","templated":true}]}}