{"id":16457,"date":"2025-01-30T19:32:44","date_gmt":"2025-01-30T19:32:44","guid":{"rendered":"https:\/\/fecavem.com\/president-fecavem-upm-jaume-roura-es-reuneix-amb-el-president-junts-carles-puigdemont\/"},"modified":"2025-01-30T19:35:05","modified_gmt":"2025-01-30T19:35:05","slug":"presidente-fecavem-upm-jaume-roura-es-reune-president-junts-carles-puigdemont","status":"publish","type":"post","link":"https:\/\/fecavem.com\/es\/presidente-fecavem-upm-jaume-roura-es-reune-president-junts-carles-puigdemont\/","title":{"rendered":"El presidente de Fecavem y UPM, Jaume Roura, se re\u00fane con el president de Junts, Carles Puigdemont"},"content":{"rendered":"\n<p><strong>Jaume Roura i Calls, presidente de la Patronal Catalana de la Distribuci\u00f3n de Automoci\u00f3n (Fecavem) y la Uni\u00f3n Patronal Metal\u00fargica (UPM), acompa\u00f1ado de Joan Guill\u00e9n, presidente del Consell de Gremis, y de una representaci\u00f3n de empresarios del metal catal\u00e1n, se han reunido este jueves, 30 de enero, con el president Carles Puigdemont en Waterloo (B\u00e9lgica) para tratar las cuestiones que afectan al sector empresarial y, muy concretamente, en las cuestiones laborales.<\/strong><\/p>\n\n\n\n<p>La UPM, representada por su presidente Jaume Roura y su directora general Magda Grau, considera imprescindible trasladar al Grupo Parlamentario Junts per Catalunya al Congreso de los Diputados, todas las preocupaciones actuales que pueden condicionar el empresariado catal\u00e1n y espa\u00f1ol en los pr\u00f3ximos meses.<\/p>\n\n\n\n<figure class=\"wp-block-image size-large\"><img loading=\"lazy\" decoding=\"async\" width=\"1024\" height=\"768\" src=\"https:\/\/fecavem.com\/wp-content\/uploads\/2025\/01\/WhatsApp-Image-2025-01-30-at-18.27.55-1024x768.jpeg\" alt=\"\" class=\"wp-image-16452\" srcset=\"https:\/\/fecavem.com\/wp-content\/uploads\/2025\/01\/WhatsApp-Image-2025-01-30-at-18.27.55-1024x768.jpeg 1024w, https:\/\/fecavem.com\/wp-content\/uploads\/2025\/01\/WhatsApp-Image-2025-01-30-at-18.27.55-300x225.jpeg 300w, https:\/\/fecavem.com\/wp-content\/uploads\/2025\/01\/WhatsApp-Image-2025-01-30-at-18.27.55-768x576.jpeg 768w, https:\/\/fecavem.com\/wp-content\/uploads\/2025\/01\/WhatsApp-Image-2025-01-30-at-18.27.55-1536x1152.jpeg 1536w, https:\/\/fecavem.com\/wp-content\/uploads\/2025\/01\/WhatsApp-Image-2025-01-30-at-18.27.55-750x563.jpeg 750w, https:\/\/fecavem.com\/wp-content\/uploads\/2025\/01\/WhatsApp-Image-2025-01-30-at-18.27.55-1140x855.jpeg 1140w, https:\/\/fecavem.com\/wp-content\/uploads\/2025\/01\/WhatsApp-Image-2025-01-30-at-18.27.55.jpeg 1600w\" sizes=\"auto, (max-width: 1024px) 100vw, 1024px\" \/><\/figure>\n\n\n\n<p><\/p>\n\n\n\n<p>El presidente de Fecavem y la UPM, Jaume Roura, ha subrayado: \u00abQueremos trasladar nuestra preocupaci\u00f3n por la situaci\u00f3n actual que vivimos, promovida por el Ministerio de Trabajo y Econom\u00eda Social. Y encabezado por la ministra Yolanda D\u00edaz, que no hace m\u00e1s que complicar la viabilidad de las empresas y dificultar la herramienta vinculante como es la negociaci\u00f3n colectiva\u00bb. Y ha a\u00f1adido: \u00abHoy, Junts tiene una posici\u00f3n que puede decantar la balanza en todos los cambios legislativos que pueda haber, imponiendo sentido com\u00fan. Un aspecto necesario para la continuidad empresarial y para mantener el inter\u00e9s de inversi\u00f3n, que constituye toda una necesidad social, dado que no hay trabajo sin empresarios. As\u00ed pues, hay que recordar que para cualquier ayuda social existe el mecanismo constitucional como la negociaci\u00f3n colectiva y en un estado democr\u00e1tico, hay que respetar la libertad y el di\u00e1logo social, un trabajo diferente al que entiende la ahora mismo la ministra Yolanda D\u00edaz\u00bb.<\/p>\n\n\n\n<p>El president Carles Puigdemont ha sido muy receptivo en todos los aspectos expuestos y se ha comprometido a aplicar el sentido com\u00fan para apoyar al empresariado y a los trabajadores de nuestro pa\u00eds, mejorando la estabilidad en todos los \u00e1mbitos: el econ\u00f3mico, el laboral y el social. Tambi\u00e9n considera que es necesario aumentar la productividad y reducir el absentismo laboral que perjudica a la competitividad, as\u00ed como adaptarnos a los cambios y los retos que marca el siglo XXI y la irrupci\u00f3n tecnol\u00f3gica. Uno de los aspectos m\u00e1s relevantes que ha manifestado el president Puigdemont es que cualquier ajuste en la jornada laboral pasa por la negociaci\u00f3n colectiva, tal y como marca la Constituci\u00f3n espa\u00f1ola. As\u00ed pues, ha concluido que estar\u00e1 expectante a las pol\u00edticas que salga adelante el Gobierno de Espa\u00f1a y, a partir de estas, tomar\u00e1 las decisiones en defensa del bien com\u00fan de todos. Tambi\u00e9n ha constatado que hace falta menos burocracia, una fiscalidad justa y normativas m\u00e1s flexibles que permitan una mayor agilidad de respuesta a cada desaf\u00edo.<\/p>\n\n\n\n<figure class=\"wp-block-image size-large\"><img loading=\"lazy\" decoding=\"async\" width=\"1024\" height=\"768\" src=\"https:\/\/fecavem.com\/wp-content\/uploads\/2025\/01\/WhatsApp-Image-2025-01-30-at-18.27.54-1024x768.jpeg\" alt=\"\" class=\"wp-image-16454\" srcset=\"https:\/\/fecavem.com\/wp-content\/uploads\/2025\/01\/WhatsApp-Image-2025-01-30-at-18.27.54-1024x768.jpeg 1024w, https:\/\/fecavem.com\/wp-content\/uploads\/2025\/01\/WhatsApp-Image-2025-01-30-at-18.27.54-300x225.jpeg 300w, https:\/\/fecavem.com\/wp-content\/uploads\/2025\/01\/WhatsApp-Image-2025-01-30-at-18.27.54-768x576.jpeg 768w, https:\/\/fecavem.com\/wp-content\/uploads\/2025\/01\/WhatsApp-Image-2025-01-30-at-18.27.54-1536x1152.jpeg 1536w, https:\/\/fecavem.com\/wp-content\/uploads\/2025\/01\/WhatsApp-Image-2025-01-30-at-18.27.54-750x563.jpeg 750w, https:\/\/fecavem.com\/wp-content\/uploads\/2025\/01\/WhatsApp-Image-2025-01-30-at-18.27.54-1140x855.jpeg 1140w, https:\/\/fecavem.com\/wp-content\/uploads\/2025\/01\/WhatsApp-Image-2025-01-30-at-18.27.54.jpeg 1600w\" sizes=\"auto, (max-width: 1024px) 100vw, 1024px\" \/><\/figure>\n\n\n\n<p><\/p>\n\n\n\n<p>Precisamente, la UPM ha constituido en las \u00faltimas semanas las tres tablas negociadoras por los convenios que lidera la potestad negociadora como patronal metal\u00fargica frente a los sindicatos. Concretamente, en los convenios de negociaci\u00f3n colectiva ligados al Convenio del Comercio del Metal de la provincia de Barcelona, \u200b\u200bel Convenio de la Industria Siderometal\u00fargica de la provincia de Barcelona y el Convenio Colectivo de la Industria Metalogr\u00e1fica de Catalunya.<\/p>\n\n\n\n<p>Cabe recordar que esta reuni\u00f3n se ha celebrado a las puertas de la aprobaci\u00f3n en el Consejo de Ministros del anteproyecto de ley para reducir la jornada laboral, con consecuencias negativas inmediatas si se hace sin el consenso de todos los implicados.<\/p>\n","protected":false},"excerpt":{"rendered":"<p>Jaume Roura i Calls, presidente de la Patronal Catalana de la Distribuci\u00f3n de Automoci\u00f3n (Fecavem) y la Uni\u00f3n Patronal Metal\u00fargica (UPM), acompa\u00f1ado de Joan Guill\u00e9n, presidente del Consell de Gremis, y de una representaci\u00f3n de empresarios del metal catal\u00e1n, se han reunido este jueves, 30 de enero, con el president Carles Puigdemont en Waterloo (B\u00e9lgica) [&#8230;]<\/p>\n","protected":false},"author":2,"featured_media":16451,"comment_status":"closed","ping_status":"closed","sticky":false,"template":"","format":"standard","meta":{"footnotes":"","_links_to":"","_links_to_target":""},"categories":[92],"tags":[],"class_list":["post-16457","post","type-post","status-publish","format-standard","has-post-thumbnail","hentry","category-govern-es"],"_links":{"self":[{"href":"https:\/\/fecavem.com\/es\/wp-json\/wp\/v2\/posts\/16457","targetHints":{"allow":["GET"]}}],"collection":[{"href":"https:\/\/fecavem.com\/es\/wp-json\/wp\/v2\/posts"}],"about":[{"href":"https:\/\/fecavem.com\/es\/wp-json\/wp\/v2\/types\/post"}],"author":[{"embeddable":true,"href":"https:\/\/fecavem.com\/es\/wp-json\/wp\/v2\/users\/2"}],"replies":[{"embeddable":true,"href":"https:\/\/fecavem.com\/es\/wp-json\/wp\/v2\/comments?post=16457"}],"version-history":[{"count":2,"href":"https:\/\/fecavem.com\/es\/wp-json\/wp\/v2\/posts\/16457\/revisions"}],"predecessor-version":[{"id":16460,"href":"https:\/\/fecavem.com\/es\/wp-json\/wp\/v2\/posts\/16457\/revisions\/16460"}],"wp:featuredmedia":[{"embeddable":true,"href":"https:\/\/fecavem.com\/es\/wp-json\/wp\/v2\/media\/16451"}],"wp:attachment":[{"href":"https:\/\/fecavem.com\/es\/wp-json\/wp\/v2\/media?parent=16457"}],"wp:term":[{"taxonomy":"category","embeddable":true,"href":"https:\/\/fecavem.com\/es\/wp-json\/wp\/v2\/categories?post=16457"},{"taxonomy":"post_tag","embeddable":true,"href":"https:\/\/fecavem.com\/es\/wp-json\/wp\/v2\/tags?post=16457"}],"curies":[{"name":"wp","href":"https:\/\/api.w.org\/{rel}","templated":true}]}}