{"id":16499,"date":"2025-02-02T21:03:49","date_gmt":"2025-02-02T21:03:49","guid":{"rendered":"https:\/\/fecavem.com\/primera-reunio-treball-fecavem-manel-nadal-nou-secretari-mobilitat-govern\/"},"modified":"2025-02-02T21:09:31","modified_gmt":"2025-02-02T21:09:31","slug":"primera-reunion-trabajo-fecavem-manel-nadal-nuevo-secretari-mobilitat-govern","status":"publish","type":"post","link":"https:\/\/fecavem.com\/es\/primera-reunion-trabajo-fecavem-manel-nadal-nuevo-secretari-mobilitat-govern\/","title":{"rendered":"Primera reuni\u00f3n de trabajo entre Fecavem y Manel Nadal, nuevo Secretari de Mobilitat del Govern"},"content":{"rendered":"\n<p>Fecavem y el Gremio del Motor y la Movilidad de Barcelona hacen latente este mes de enero el porqu\u00e9 de la necesidad en nuestra labor de lobby empresarial, social y pol\u00edtica. De esta forma, hemos mantenido diferentes reuniones con las nuevas consejer\u00edas y estructuras del nuevo Gobierno de la Generalitat de Catalunya. Una de las que encontramos de vital importancia es el \u00e1rea de movilidad. Por eso, Fecavem se ha reunido con el Sr. Manel Nadal, Secretari de Movilidad e Infraestructuras de la Generalitat de Catalunya. El Sr. Nadal es el interlocutor designado por la Honorable Consellera de Territorio, Vivienda y Transici\u00f3n Ecol\u00f3gica, S\u00edlvia Paneque, para los efectos de decisiones que afectan al sector.<\/p>\n\n\n\n<p>Le adelantamos las l\u00edneas presentadas con las que trabajaremos conjuntamente.<\/p>\n\n\n\n<h2 class=\"wp-block-heading\">Nuestras preocupaciones<\/h2>\n\n\n\n<ol class=\"wp-block-list\">\n<li>Proponemos introducir unidades nuevas o seminuevas en el mercado mediante la colaboraci\u00f3n p\u00fablico-privada.<\/li>\n\n\n\n<li>Mejorar la coordinaci\u00f3n entre las acciones del Gobierno de Catalu\u00f1a y avanzar al mismo ritmo que otras CCAA.<\/li>\n\n\n\n<li>Catalunya lidera frente a Espa\u00f1a en cuanto a las restricciones sobre el uso del veh\u00edculo privado, penalizando a los titulares con mayor tributaci\u00f3n por CO\u2082. Tambi\u00e9n constatamos que los recursos del Plan Moves son insuficientes.<\/li>\n\n\n\n<li>Afecta negativamente a los veh\u00edculos con etiqueta amarilla ya sus titulares, muchos en situaci\u00f3n de vulnerabilidad social.<\/li>\n\n\n\n<li>Tiene efectos negativos para el sector y la recaudaci\u00f3n fiscal.<\/li>\n\n\n\n<li>Es necesario asignar m\u00e1s recursos para reducir los plazos de resoluci\u00f3n y pago.<\/li>\n<\/ol>\n\n\n\n<h2 class=\"wp-block-heading\">Nuestras reivindicaciones<\/h2>\n\n\n\n<ol class=\"wp-block-list\">\n<li>Para la renovaci\u00f3n del parque de veh\u00edculos: impulsar un plan para introducir veh\u00edculos nuevos y seminuevos.<\/li>\n\n\n\n<li>Basado en estudios econ\u00f3micos rigurosos anteriormente presentados.<\/li>\n\n\n\n<li>An\u00e1lisis conjunto para valorar una alternativa m\u00e1s adecuada. Por ejemplo, a trav\u00e9s de la ampliaci\u00f3n<br>de los plazos del calendario, facilitar ayudas a los damnificados, entre otros.<\/li>\n\n\n\n<li>Poder gestionar eficientemente el Plan Moves III.<\/li>\n\n\n\n<li>Con respecto a la zona de bajas emisiones (ZBE) y los planes de calidad del aire.<\/li>\n<\/ol>\n","protected":false},"excerpt":{"rendered":"<p>Fecavem y el Gremio del Motor y la Movilidad de Barcelona hacen latente este mes de enero el porqu\u00e9 de la necesidad en nuestra labor de lobby empresarial, social y pol\u00edtica. De esta forma, hemos mantenido diferentes reuniones con las nuevas consejer\u00edas y estructuras del nuevo Gobierno de la Generalitat de Catalunya. Una de las [&#8230;]<\/p>\n","protected":false},"author":2,"featured_media":16495,"comment_status":"closed","ping_status":"closed","sticky":false,"template":"","format":"standard","meta":{"footnotes":"","_links_to":"","_links_to_target":""},"categories":[92],"tags":[],"class_list":["post-16499","post","type-post","status-publish","format-standard","has-post-thumbnail","hentry","category-govern-es"],"_links":{"self":[{"href":"https:\/\/fecavem.com\/es\/wp-json\/wp\/v2\/posts\/16499","targetHints":{"allow":["GET"]}}],"collection":[{"href":"https:\/\/fecavem.com\/es\/wp-json\/wp\/v2\/posts"}],"about":[{"href":"https:\/\/fecavem.com\/es\/wp-json\/wp\/v2\/types\/post"}],"author":[{"embeddable":true,"href":"https:\/\/fecavem.com\/es\/wp-json\/wp\/v2\/users\/2"}],"replies":[{"embeddable":true,"href":"https:\/\/fecavem.com\/es\/wp-json\/wp\/v2\/comments?post=16499"}],"version-history":[{"count":2,"href":"https:\/\/fecavem.com\/es\/wp-json\/wp\/v2\/posts\/16499\/revisions"}],"predecessor-version":[{"id":16502,"href":"https:\/\/fecavem.com\/es\/wp-json\/wp\/v2\/posts\/16499\/revisions\/16502"}],"wp:featuredmedia":[{"embeddable":true,"href":"https:\/\/fecavem.com\/es\/wp-json\/wp\/v2\/media\/16495"}],"wp:attachment":[{"href":"https:\/\/fecavem.com\/es\/wp-json\/wp\/v2\/media?parent=16499"}],"wp:term":[{"taxonomy":"category","embeddable":true,"href":"https:\/\/fecavem.com\/es\/wp-json\/wp\/v2\/categories?post=16499"},{"taxonomy":"post_tag","embeddable":true,"href":"https:\/\/fecavem.com\/es\/wp-json\/wp\/v2\/tags?post=16499"}],"curies":[{"name":"wp","href":"https:\/\/api.w.org\/{rel}","templated":true}]}}