{"id":16507,"date":"2025-02-02T21:13:03","date_gmt":"2025-02-02T21:13:03","guid":{"rendered":"https:\/\/fecavem.com\/radiografia-parc-mobil-vehicles-distintius-ambientals\/"},"modified":"2025-02-03T11:21:37","modified_gmt":"2025-02-03T11:21:37","slug":"radiografia-parque-movil-vehiculos-distintivos-ambientales","status":"publish","type":"post","link":"https:\/\/fecavem.com\/es\/radiografia-parque-movil-vehiculos-distintivos-ambientales\/","title":{"rendered":"Radiograf\u00eda del parque m\u00f3vil de veh\u00edculos por distintivos ambientales"},"content":{"rendered":"\n<p>Fecavem ha elaborado un estudio que presenta el parque m\u00f3vil de veh\u00edculos categorizado por distintivos ambientales y corresponden a autom\u00f3viles de turismos, veh\u00edculos comerciales ligeros y pesados. Los datos corresponden al a\u00f1o 2024 e<strong> ilustran el peso y volumen que tiene cada distintivo en cada territorio.<\/strong><\/p>\n\n\n\n<p>Las magnitudes de veh\u00edculos sin etiqueta o con etiqueta amarilla B son importantes. Restringir el suyo en zonas de bajas emisiones<strong> tiene una gran afectaci\u00f3n social y econ\u00f3mica.<\/strong> En Catalunya, el Govern se ha avanzado con un Plan de Calidad del Aire que afecta a estos veh\u00edculos, sin ning\u00fan tipo de apoyo o medida a los afectados.<\/p>\n\n\n\n<p>Los veh\u00edculos <strong>con etiqueta verde C son mayoritarios, pero abarcan veh\u00edculos matriculados entre 2006 y 2025 y esto no tiene sentido<\/strong>. Por \u00faltimo, le animamos a dejar sus comentarios, interpretaciones y aportaciones a trav\u00e9s de <a href=\"mailto:secretarigeneral@fecavem.cat\">secretarigeneral@fecavem.cat<\/a>.&nbsp;<\/p>\n\n\n\n<h2 class=\"wp-block-heading\">\u00a1Consulta los datos en nuestro Infogram!<\/h2>\n\n\n\n<div class=\"wp-block-buttons is-content-justification-center is-layout-flex wp-container-core-buttons-is-layout-16018d1d wp-block-buttons-is-layout-flex\">\n<div class=\"wp-block-button\"><a class=\"wp-block-button__link has-text-align-center wp-element-button\" href=\"https:\/\/infogram.com\/informe-de-dades-automocio-1hnq417zwxek43z?live\" rel=\"noopener\">PARQUE M\u00d3VIL POR ETIQUETAS ACTUALES<\/a><\/div>\n<\/div>\n\n\n\n<p><\/p>\n","protected":false},"excerpt":{"rendered":"<p>Fecavem ha elaborado un estudio que presenta el parque m\u00f3vil de veh\u00edculos categorizado por distintivos ambientales y corresponden a autom\u00f3viles de turismos, veh\u00edculos comerciales ligeros y pesados. Los datos corresponden al a\u00f1o 2024 e ilustran el peso y volumen que tiene cada distintivo en cada territorio. Las magnitudes de veh\u00edculos sin etiqueta o con etiqueta [&#8230;]<\/p>\n","protected":false},"author":2,"featured_media":16505,"comment_status":"closed","ping_status":"closed","sticky":false,"template":"","format":"standard","meta":{"footnotes":"","_links_to":"","_links_to_target":""},"categories":[101],"tags":[],"class_list":["post-16507","post","type-post","status-publish","format-standard","has-post-thumbnail","hentry","category-administracion"],"_links":{"self":[{"href":"https:\/\/fecavem.com\/es\/wp-json\/wp\/v2\/posts\/16507","targetHints":{"allow":["GET"]}}],"collection":[{"href":"https:\/\/fecavem.com\/es\/wp-json\/wp\/v2\/posts"}],"about":[{"href":"https:\/\/fecavem.com\/es\/wp-json\/wp\/v2\/types\/post"}],"author":[{"embeddable":true,"href":"https:\/\/fecavem.com\/es\/wp-json\/wp\/v2\/users\/2"}],"replies":[{"embeddable":true,"href":"https:\/\/fecavem.com\/es\/wp-json\/wp\/v2\/comments?post=16507"}],"version-history":[{"count":3,"href":"https:\/\/fecavem.com\/es\/wp-json\/wp\/v2\/posts\/16507\/revisions"}],"predecessor-version":[{"id":16532,"href":"https:\/\/fecavem.com\/es\/wp-json\/wp\/v2\/posts\/16507\/revisions\/16532"}],"wp:featuredmedia":[{"embeddable":true,"href":"https:\/\/fecavem.com\/es\/wp-json\/wp\/v2\/media\/16505"}],"wp:attachment":[{"href":"https:\/\/fecavem.com\/es\/wp-json\/wp\/v2\/media?parent=16507"}],"wp:term":[{"taxonomy":"category","embeddable":true,"href":"https:\/\/fecavem.com\/es\/wp-json\/wp\/v2\/categories?post=16507"},{"taxonomy":"post_tag","embeddable":true,"href":"https:\/\/fecavem.com\/es\/wp-json\/wp\/v2\/tags?post=16507"}],"curies":[{"name":"wp","href":"https:\/\/api.w.org\/{rel}","templated":true}]}}