{"id":16516,"date":"2025-02-02T21:21:05","date_gmt":"2025-02-02T21:21:05","guid":{"rendered":"https:\/\/fecavem.com\/automocio-2025-reptes-oportunitats\/"},"modified":"2025-02-02T21:23:54","modified_gmt":"2025-02-02T21:23:54","slug":"automocion-2025-retos-oportunidades","status":"publish","type":"post","link":"https:\/\/fecavem.com\/es\/automocion-2025-retos-oportunidades\/","title":{"rendered":"Joan Blancafort: \u00abLa automoci\u00f3n 2025, retos y oportunidades\u00bb"},"content":{"rendered":"\n<p>2024 ha sido un a\u00f1o de contrastes para el sector de la automoci\u00f3n en Espa\u00f1a. Aunque el mercado de turismos ha superado el mill\u00f3n de unidades vendidas, todav\u00eda<strong> estamos lejos de las cifras precovid de 1,2 millones<\/strong>. Esta situaci\u00f3n refleja una recuperaci\u00f3n parcial pero insuficiente para alcanzar los objetivos necesarios para la sostenibilidad del sector.<\/p>\n\n\n\n<p>Uno de los aspectos m\u00e1s destacados es el aumento generalizado de las matriculaciones impulsadas por el canal de alquiler y un parque m\u00f3vil que<strong> crece en volumen y media de envejecimiento, que supera los 14 a\u00f1os. <\/strong>Estas dos tendencias ponen de manifiesto la necesidad de adaptarse a las nuevas din\u00e1micas del mercado y las necesidades de la ciudadan\u00eda y las empresas.<\/p>\n\n\n\n<p>Sin embargo, el mayor reto es cumplir con los objetivos de emisiones marcados por Europa. Para ello, ser\u00e1 imprescindible que <strong>el 25% de las matriculaciones en 2025 sean de veh\u00edculos el\u00e9ctricos. <\/strong>De lo contrario, el sector podr\u00eda enfrentarse a multas considerables y la dif\u00edcil decisi\u00f3n de dejar de vender hasta 175.000 veh\u00edculos de combusti\u00f3n. Esta situaci\u00f3n no solamente afectar\u00eda al mercado nacional, sino tambi\u00e9n al empleo, las inversiones y la competitividad del sector.<\/p>\n\n\n\n<p>Adem\u00e1s, la producci\u00f3n espa\u00f1ola, que<strong> se exporta en un 75%, est\u00e1 afectada por la debilidad de los mercados de destino como Alemania, Francia e Italia. <\/strong>Esta dependencia externa subraya la necesidad de reforzar el mercado interno y buscar nuevos mercados de exportaci\u00f3n.<\/p>\n\n\n\n<p>El coche el\u00e9ctrico, aun siendo una soluci\u00f3n prometedora, todav\u00eda presenta problemas de precio, carga y autonom\u00eda.<strong> La preferencia de los consumidores por veh\u00edculos h\u00edbridos refleja una paulatina transici\u00f3n hacia la electrificaci\u00f3n. <\/strong>En este contexto, resulta vital impulsar el rejuvenecimiento del parque automovil\u00edstico y reformar el programa MOVES III para hacerlo m\u00e1s eficiente y accesible.<\/p>\n\n\n\n<p>Por \u00faltimo, la obtenci\u00f3n de materias primas como el litio para las bater\u00edas y la competencia de los fabricantes chinos son factores que influyen en el presente y futuro de la automoci\u00f3n. <strong>Las alternativas como las bater\u00edas de iones de sodio o las pilas de combustible de hidr\u00f3geno<\/strong> ofrecen soluciones prometedoras, pero todav\u00eda hace falta tiempo para su implementaci\u00f3n masiva.<\/p>\n\n\n\n<p>En conclusi\u00f3n,<strong> el sector de la automoci\u00f3n se encuentra en un momento trascendental,<\/strong> con grandes retos por delante, pero tambi\u00e9n con oportunidades para quienes sepan adaptarse e innovar. La clave es encontrar el equilibrio entre las necesidades del mercado, las regulaciones ambientales y las expectativas de los consumidores.<\/p>\n\n\n\n<p><\/p>\n","protected":false},"excerpt":{"rendered":"<p>2024 ha sido un a\u00f1o de contrastes para el sector de la automoci\u00f3n en Espa\u00f1a. Aunque el mercado de turismos ha superado el mill\u00f3n de unidades vendidas, todav\u00eda estamos lejos de las cifras precovid de 1,2 millones. Esta situaci\u00f3n refleja una recuperaci\u00f3n parcial pero insuficiente para alcanzar los objetivos necesarios para la sostenibilidad del sector. [&#8230;]<\/p>\n","protected":false},"author":2,"featured_media":16514,"comment_status":"closed","ping_status":"closed","sticky":false,"template":"","format":"standard","meta":{"footnotes":"","_links_to":"","_links_to_target":""},"categories":[99],"tags":[],"class_list":["post-16516","post","type-post","status-publish","format-standard","has-post-thumbnail","hentry","category-joan-blancafort-es"],"_links":{"self":[{"href":"https:\/\/fecavem.com\/es\/wp-json\/wp\/v2\/posts\/16516","targetHints":{"allow":["GET"]}}],"collection":[{"href":"https:\/\/fecavem.com\/es\/wp-json\/wp\/v2\/posts"}],"about":[{"href":"https:\/\/fecavem.com\/es\/wp-json\/wp\/v2\/types\/post"}],"author":[{"embeddable":true,"href":"https:\/\/fecavem.com\/es\/wp-json\/wp\/v2\/users\/2"}],"replies":[{"embeddable":true,"href":"https:\/\/fecavem.com\/es\/wp-json\/wp\/v2\/comments?post=16516"}],"version-history":[{"count":2,"href":"https:\/\/fecavem.com\/es\/wp-json\/wp\/v2\/posts\/16516\/revisions"}],"predecessor-version":[{"id":16518,"href":"https:\/\/fecavem.com\/es\/wp-json\/wp\/v2\/posts\/16516\/revisions\/16518"}],"wp:featuredmedia":[{"embeddable":true,"href":"https:\/\/fecavem.com\/es\/wp-json\/wp\/v2\/media\/16514"}],"wp:attachment":[{"href":"https:\/\/fecavem.com\/es\/wp-json\/wp\/v2\/media?parent=16516"}],"wp:term":[{"taxonomy":"category","embeddable":true,"href":"https:\/\/fecavem.com\/es\/wp-json\/wp\/v2\/categories?post=16516"},{"taxonomy":"post_tag","embeddable":true,"href":"https:\/\/fecavem.com\/es\/wp-json\/wp\/v2\/tags?post=16516"}],"curies":[{"name":"wp","href":"https:\/\/api.w.org\/{rel}","templated":true}]}}