{"id":16634,"date":"2025-02-11T12:14:46","date_gmt":"2025-02-11T12:14:46","guid":{"rendered":"https:\/\/fecavem.com\/fecavem-demana-ajudes-directes-agils-automocio\/"},"modified":"2025-02-11T12:18:26","modified_gmt":"2025-02-11T12:18:26","slug":"fecavem-pide-ayudas-directas-agiles-automocion","status":"publish","type":"post","link":"https:\/\/fecavem.com\/es\/fecavem-pide-ayudas-directas-agiles-automocion\/","title":{"rendered":"Fecavem pide ayudas directas y \u00e1giles para la automoci\u00f3n"},"content":{"rendered":"\n<p><strong>El president&nbsp;del Govern de la Generalitat de Catalunya, Salvador Illa, ha anunciado un plan para impulsar el veh\u00edculo el\u00e9ctrico que prev\u00e9 movilizar 1.400 millones de euros, entre inversiones p\u00fablicas y privadas, y triplicar los puntos de recarga en 2030, alcanzando los 30.000.&nbsp;<\/strong><\/p>\n\n\n\n<p>Al acto de este lunes, han asistido el presidente de Fecavem, el Gremi&nbsp;del Motor i&nbsp;la Mobilitat de Barcelona y la UPM, Jaume Roura Calls; el secretario general y portavoz de Fecavem y el Gremi&nbsp;del Motor i&nbsp;la Mobilitat de Barcelona, \u200b\u200bJoan Blancafort; el CEO de Seat y Cupra, Wayne Griffiths; el consejero delegado de Ebro, Pedro Calef; y el presidente del Cl\u00faster de la Industria de Automoci\u00f3n de Catalunya (Ciac), Sergio Alcaraz, entre otros representantes del sector.&nbsp;<\/p>\n\n\n\n<p>El plan se focaliza en la promoci\u00f3n del veh\u00edculo el\u00e9ctrico y superar los principales impedimentos para utilizar este m\u00e9todo de transporte, que son el precio (28%), la infraestructura (28%) y la autonom\u00eda (20%), seg\u00fan ha detectado la Generalitat de Catalunya.&nbsp;<\/p>\n\n\n\n<p>Desde FECAVEM <strong>valoramos positivamente este plan inversor con horizonte 2030 focalizados en el veh\u00edculo el\u00e9ctrico<\/strong> porque pone de relieve el inter\u00e9s del Gobvern&nbsp;por la automoci\u00f3n con su capacidad de generaci\u00f3n de empleo, multiplicador de la actividad econ\u00f3mica y capacidad exportadora.<\/p>\n\n\n\n<p>Ahora bien,<strong> Fecavem pide prudencia en las expectativas que tiene este plan porque no afronta el problema del envejecimiento del parque m\u00f3vil automovil\u00edstico<\/strong>, actualmente con una media de edad de 14,2 a\u00f1os y porque <strong>no responde a las necesidades actuales, ya que el peso de las matriculaciones de veh\u00edculos el\u00e9ctricos es del 9% y los veh\u00edculos h\u00edbridos endollables del 6%.<\/strong> Por tanto, quedan fuera de la ecuaci\u00f3n un 86% de las matriculaciones y, por este motivo, Fecavem propone complementariamente un plan renove catal\u00e1n que impulsa Faconauto, en la l\u00ednea de lo que ya se hace en Galicia, Asturias o la Comunidad de Madrid.<\/p>\n","protected":false},"excerpt":{"rendered":"<p>El president&nbsp;del Govern de la Generalitat de Catalunya, Salvador Illa, ha anunciado un plan para impulsar el veh\u00edculo el\u00e9ctrico que prev\u00e9 movilizar 1.400 millones de euros, entre inversiones p\u00fablicas y privadas, y triplicar los puntos de recarga en 2030, alcanzando los 30.000.&nbsp; Al acto de este lunes, han asistido el presidente de Fecavem, el Gremi&nbsp;del [&#8230;]<\/p>\n","protected":false},"author":2,"featured_media":16632,"comment_status":"closed","ping_status":"closed","sticky":false,"template":"","format":"standard","meta":{"footnotes":"","_links_to":"","_links_to_target":""},"categories":[92],"tags":[],"class_list":["post-16634","post","type-post","status-publish","format-standard","has-post-thumbnail","hentry","category-govern-es"],"_links":{"self":[{"href":"https:\/\/fecavem.com\/es\/wp-json\/wp\/v2\/posts\/16634","targetHints":{"allow":["GET"]}}],"collection":[{"href":"https:\/\/fecavem.com\/es\/wp-json\/wp\/v2\/posts"}],"about":[{"href":"https:\/\/fecavem.com\/es\/wp-json\/wp\/v2\/types\/post"}],"author":[{"embeddable":true,"href":"https:\/\/fecavem.com\/es\/wp-json\/wp\/v2\/users\/2"}],"replies":[{"embeddable":true,"href":"https:\/\/fecavem.com\/es\/wp-json\/wp\/v2\/comments?post=16634"}],"version-history":[{"count":1,"href":"https:\/\/fecavem.com\/es\/wp-json\/wp\/v2\/posts\/16634\/revisions"}],"predecessor-version":[{"id":16636,"href":"https:\/\/fecavem.com\/es\/wp-json\/wp\/v2\/posts\/16634\/revisions\/16636"}],"wp:featuredmedia":[{"embeddable":true,"href":"https:\/\/fecavem.com\/es\/wp-json\/wp\/v2\/media\/16632"}],"wp:attachment":[{"href":"https:\/\/fecavem.com\/es\/wp-json\/wp\/v2\/media?parent=16634"}],"wp:term":[{"taxonomy":"category","embeddable":true,"href":"https:\/\/fecavem.com\/es\/wp-json\/wp\/v2\/categories?post=16634"},{"taxonomy":"post_tag","embeddable":true,"href":"https:\/\/fecavem.com\/es\/wp-json\/wp\/v2\/tags?post=16634"}],"curies":[{"name":"wp","href":"https:\/\/api.w.org\/{rel}","templated":true}]}}