{"id":16799,"date":"2025-03-02T19:54:20","date_gmt":"2025-03-02T19:54:20","guid":{"rendered":"https:\/\/fecavem.com\/minut-resultat-ajudes-compra-vehicles\/"},"modified":"2025-03-03T10:26:48","modified_gmt":"2025-03-03T10:26:48","slug":"minuto-resultado-ayudas-compra-vehiculos","status":"publish","type":"post","link":"https:\/\/fecavem.com\/es\/minuto-resultado-ayudas-compra-vehiculos\/","title":{"rendered":"Minuto y resultado de las ayudas a la compra de veh\u00edculos"},"content":{"rendered":"\n<p>El Plan Moves 3, la principal ayuda p\u00fablica para la compra de veh\u00edculos, contin\u00faa temporalmente suspendido despu\u00e9s de no ser prorrogada el pasado mes de enero. Esta situaci\u00f3n ha tenido un impacto negativo en el mercado automovil\u00edstico, como evidencian las matriculaciones de este mes.<\/p>\n\n\n\n<p>Desde un punto de vista sectorial, es inaudito que en un momento tan trascendental como el que vivimos este a\u00f1o 2025, marcado por importantes retos normativos en el panorama europeo, seguimos a la espera de una soluci\u00f3n r\u00e1pida y eficiente. Mientras la UE reduce las emisiones, aqu\u00ed seguimos sin un plan de ayudas vigente.<\/p>\n\n\n\n<p>Tambi\u00e9n relacionado con el Plan Moves, pero desde la perspectiva de gesti\u00f3n, este \u00faltimo mes hemos presentado un nuevo formato de an\u00e1lisis de la evoluci\u00f3n del presupuesto por l\u00edneas del Moves III Catalunya. el intervalo de tiempo entre la solicitud y el pago sigue siendo exagerado.<\/p>\n\n\n\n<p>Tambi\u00e9n debemos hacer referencia al Plan Reinicia+ Auto, un programa extraordinario de apoyo a los m\u00e1s perjudicados por los efectos de la DANA. La gesti\u00f3n de las ayudas es m\u00e1s simple y eficiente, sirviendo como ejemplo y experiencia para programas posteriores de ayuda.<\/p>\n\n\n\n<p>El Govern de la Generalitat impulsa un plan focalizado en el veh\u00edculo electrificado, que se analiza en esta revista. De entrada, este apoyo expl\u00edcito hacia el sector automovil\u00edstico cuenta con el apoyo de Fecavem, y as\u00ed lo hemos manifestado p\u00fablicamente. Pero tambi\u00e9n debemos reivindicar que, a d\u00eda de hoy, quedan fuera m\u00e1s del 80% de la producci\u00f3n de veh\u00edculos y de las matriculaciones del pa\u00eds. Nuestra reivindicaci\u00f3n va en esta l\u00ednea: es fant\u00e1stico planificar el futuro, pero proponemos un plan de ayudas RENOVE Catalunya, siguiendo la estela de lo que se hace en otras comunidades aut\u00f3nomas con \u00e9xito.<\/p>\n","protected":false},"excerpt":{"rendered":"<p>El Plan Moves 3, la principal ayuda p\u00fablica para la compra de veh\u00edculos, contin\u00faa temporalmente suspendido despu\u00e9s de no ser prorrogada el pasado mes de enero. Esta situaci\u00f3n ha tenido un impacto negativo en el mercado automovil\u00edstico, como evidencian las matriculaciones de este mes. Desde un punto de vista sectorial, es inaudito que en un [&#8230;]<\/p>\n","protected":false},"author":2,"featured_media":9794,"comment_status":"closed","ping_status":"closed","sticky":false,"template":"","format":"standard","meta":{"footnotes":"","_links_to":"","_links_to_target":""},"categories":[296],"tags":[],"class_list":["post-16799","post","type-post","status-publish","format-standard","has-post-thumbnail","hentry","category-renove-es"],"_links":{"self":[{"href":"https:\/\/fecavem.com\/es\/wp-json\/wp\/v2\/posts\/16799","targetHints":{"allow":["GET"]}}],"collection":[{"href":"https:\/\/fecavem.com\/es\/wp-json\/wp\/v2\/posts"}],"about":[{"href":"https:\/\/fecavem.com\/es\/wp-json\/wp\/v2\/types\/post"}],"author":[{"embeddable":true,"href":"https:\/\/fecavem.com\/es\/wp-json\/wp\/v2\/users\/2"}],"replies":[{"embeddable":true,"href":"https:\/\/fecavem.com\/es\/wp-json\/wp\/v2\/comments?post=16799"}],"version-history":[{"count":3,"href":"https:\/\/fecavem.com\/es\/wp-json\/wp\/v2\/posts\/16799\/revisions"}],"predecessor-version":[{"id":16830,"href":"https:\/\/fecavem.com\/es\/wp-json\/wp\/v2\/posts\/16799\/revisions\/16830"}],"wp:featuredmedia":[{"embeddable":true,"href":"https:\/\/fecavem.com\/es\/wp-json\/wp\/v2\/media\/9794"}],"wp:attachment":[{"href":"https:\/\/fecavem.com\/es\/wp-json\/wp\/v2\/media?parent=16799"}],"wp:term":[{"taxonomy":"category","embeddable":true,"href":"https:\/\/fecavem.com\/es\/wp-json\/wp\/v2\/categories?post=16799"},{"taxonomy":"post_tag","embeddable":true,"href":"https:\/\/fecavem.com\/es\/wp-json\/wp\/v2\/tags?post=16799"}],"curies":[{"name":"wp","href":"https:\/\/api.w.org\/{rel}","templated":true}]}}