{"id":17257,"date":"2025-04-29T14:00:32","date_gmt":"2025-04-29T14:00:32","guid":{"rendered":"https:\/\/fecavem.com\/nostres-activitats-salo-automobile-vine-15-maig\/"},"modified":"2025-04-29T14:03:17","modified_gmt":"2025-04-29T14:03:17","slug":"nuestras-actividades-salon-automobile-ven-15-mayo","status":"publish","type":"post","link":"https:\/\/fecavem.com\/es\/nuestras-actividades-salon-automobile-ven-15-mayo\/","title":{"rendered":"Nuestras actividades en el Sal\u00f3n Automobile: \u00a1ven el 15 de mayo!"},"content":{"rendered":"\n<p>En el marco del Automobile Barcelona 2025, <strong>el Ayuntamiento de Sant Boi de Llobregat, el Gremio del Motor de Barcelona y Fecavem se al\u00edan para presentar los siguientes proyectos en com\u00fan:<\/strong><\/p>\n\n\n\n<ol start=\"1\" class=\"wp-block-list\">\n<li>Agenda 2030<\/li>\n\n\n\n<li>Proyecto Citimob<\/li>\n\n\n\n<li>Propuesta de Microacreditaci\u00f3n universitaria en Movilidad Sostenible, dirigida a profesionales de la distribuci\u00f3n de automoci\u00f3n y estudiantes que quieran profundizar en la tecnolog\u00eda y las aplicaciones del veh\u00edculo el\u00e9ctrico.<\/li>\n\n\n\n<li>Propuesta de generaci\u00f3n de energ\u00eda y almacenamiento, con participaci\u00f3n de consumidores vulnerables, que impulsa el Gremio del Motor y la Movilidad de Barcelona para concesionarios de la poblaci\u00f3n de Sant Boi de Llobregat.<\/li>\n\n\n\n<li>Informaci\u00f3n del ciclo formativo de comerciales de automoci\u00f3n. que se imparte en el Instituto Marianao de Sant Boi de Llobregat, FP Dual GVEC.<\/li>\n<\/ol>\n\n\n\n<p>La presentaci\u00f3n contar\u00e1 con la presencia de la Sra. Elisabet Latorre, teniente de Alcald\u00eda de Desarrollo Econ\u00f3mico y consejera de Movilidad Sostenible de la AMB y Maria Granadas, 3\u00aa. Teniente de Alcald\u00eda del \u00c1rea de Igualdad y Ciudad Cohesionada.<\/p>\n\n\n\n<p><strong>\u00a1Te esperamos<\/strong>!<\/p>\n\n\n\n<p><strong>D\u00eda: Jueves 15 de mayo de 2025<\/strong><\/p>\n\n\n\n<p><strong>Hora<\/strong>: <strong>11:30 a 12:30 h<\/strong><\/p>\n\n\n\n<p><strong>Formato: presencial<\/strong><\/p>\n\n\n\n<p><strong>Lugar: Estand de Fecavem, Pabell\u00f3n 8 del Recinto Ferial de Montju\u00efc<\/strong><\/p>\n\n\n\n<p><strong>Condiciones de acceso<\/strong> al recinto: se facilitar\u00e1 por parte del expositor <strong>Fecavem.<\/strong><\/p>\n\n\n\n<p><strong>Invitaci\u00f3n unipersonal e intransferible.<\/strong><\/p>\n","protected":false},"excerpt":{"rendered":"<p>En el marco del Automobile Barcelona 2025, el Ayuntamiento de Sant Boi de Llobregat, el Gremio del Motor de Barcelona y Fecavem se al\u00edan para presentar los siguientes proyectos en com\u00fan: La presentaci\u00f3n contar\u00e1 con la presencia de la Sra. Elisabet Latorre, teniente de Alcald\u00eda de Desarrollo Econ\u00f3mico y consejera de Movilidad Sostenible de la [&#8230;]<\/p>\n","protected":false},"author":2,"featured_media":17255,"comment_status":"closed","ping_status":"closed","sticky":false,"template":"","format":"standard","meta":{"footnotes":"","_links_to":"","_links_to_target":""},"categories":[110],"tags":[],"class_list":["post-17257","post","type-post","status-publish","format-standard","has-post-thumbnail","hentry","category-fira-barcelona-es"],"_links":{"self":[{"href":"https:\/\/fecavem.com\/es\/wp-json\/wp\/v2\/posts\/17257","targetHints":{"allow":["GET"]}}],"collection":[{"href":"https:\/\/fecavem.com\/es\/wp-json\/wp\/v2\/posts"}],"about":[{"href":"https:\/\/fecavem.com\/es\/wp-json\/wp\/v2\/types\/post"}],"author":[{"embeddable":true,"href":"https:\/\/fecavem.com\/es\/wp-json\/wp\/v2\/users\/2"}],"replies":[{"embeddable":true,"href":"https:\/\/fecavem.com\/es\/wp-json\/wp\/v2\/comments?post=17257"}],"version-history":[{"count":2,"href":"https:\/\/fecavem.com\/es\/wp-json\/wp\/v2\/posts\/17257\/revisions"}],"predecessor-version":[{"id":17259,"href":"https:\/\/fecavem.com\/es\/wp-json\/wp\/v2\/posts\/17257\/revisions\/17259"}],"wp:featuredmedia":[{"embeddable":true,"href":"https:\/\/fecavem.com\/es\/wp-json\/wp\/v2\/media\/17255"}],"wp:attachment":[{"href":"https:\/\/fecavem.com\/es\/wp-json\/wp\/v2\/media?parent=17257"}],"wp:term":[{"taxonomy":"category","embeddable":true,"href":"https:\/\/fecavem.com\/es\/wp-json\/wp\/v2\/categories?post=17257"},{"taxonomy":"post_tag","embeddable":true,"href":"https:\/\/fecavem.com\/es\/wp-json\/wp\/v2\/tags?post=17257"}],"curies":[{"name":"wp","href":"https:\/\/api.w.org\/{rel}","templated":true}]}}