{"id":17420,"date":"2025-05-05T21:36:38","date_gmt":"2025-05-05T21:36:38","guid":{"rendered":"https:\/\/fecavem.com\/informe-matriculacions-abril-2025-tanquem-un-mes-positiu-sota-mitjana-estatal\/"},"modified":"2025-05-05T21:52:05","modified_gmt":"2025-05-05T21:52:05","slug":"informe-matriculaciones-abril-2025-cerramos-mes-positivo-debajo-media-estatal","status":"publish","type":"post","link":"https:\/\/fecavem.com\/es\/informe-matriculaciones-abril-2025-cerramos-mes-positivo-debajo-media-estatal\/","title":{"rendered":"Informe de matriculaciones, abril 2025: \u00abCerramos un mes en positivo, pero por debajo de la media estatal\u00bb"},"content":{"rendered":"\n<p><a href=\"https:\/\/fecavem.com\/es\/prensa\/datos-de-mercado\/\">Informaci\u00f3n gr\u00e1fica del mercado y las matriculaciones, aqu\u00ed<\/a><\/p>\n\n\n\n<h2 class=\"wp-block-heading\"><img loading=\"lazy\" decoding=\"async\" width=\"55\" height=\"31\" src=\"blob:https:\/\/fecavem.com\/56acb2e9-056d-45a1-afef-432af862f275\" alt=\"Icono\n\nDescripci\u00f3n generada autom\u00e1ticamente\"><\/h2>\n\n\n\n<h2 class=\"wp-block-heading\">Autom\u00f3viles de turismo<\/h2>\n\n\n\n<h4 class=\"wp-block-heading\">Resultado mensual y detalle por canales<\/h4>\n\n\n\n<p>En Catalunya, las matriculaciones han aumentado un 1,5%, llegando a las 9.809 unidades. En los primeros meses del a\u00f1o, el mercado de turismos mantiene una din\u00e1mica positiva. Por canales, las empresas han matriculado 1.407 unidades, con un incremento del 6,9%. Los particulares han matriculado 6.581 unidades, con un decremento del 4,2% y una cuota de mercado del 67,1%. El alquiler (rentacar) ha matriculado 170 unidades, con una subida del 1,2%. Las automatriculaciones t\u00e1cticas de los concesionarios han subido un 26,6% con 1.583 unidades, mientras que el renting sube un 4,6%, con 68 unidades.<\/p>\n\n\n\n<p>A nivel estatal, las matriculaciones han subido un 7%, con 98.384 unidades. Destacamos que el canal particular ha crecido un 5,6%, cuando el mercado catal\u00e1n baja un 4,2%. El peso de Catalunya en el conjunto nacional se sit\u00faa en el 9,9%.<\/p>\n\n\n\n<h4 class=\"wp-block-heading\">Resultado acumulado<\/h4>\n\n\n\n<p>Con todo ello, en Catalu\u00f1a cerramos el acumulado del a\u00f1o con una subida de las matriculaciones de autom\u00f3viles de turismo de un 9,5%, que corresponden a 40.847 unidades. En Espa\u00f1a, el crecimiento es del 12,3%, con 377.933 unidades.<\/p>\n\n\n\n<h4 class=\"wp-block-heading\">Previsi\u00f3n de cierre anual<\/h4>\n\n\n\n<p>La previsi\u00f3n para el ejercicio 2025 es una subida del 2% con un total de 124.000 unidades en Catalunya y se ha concretado en una subida del 9.5% anual, superando nuestra previsi\u00f3n inicial. En Espa\u00f1a, la previsi\u00f3n estimada es de 1.027.000 unidades y un incremento del 1% y el resultado acumulado de 12,3%, mejor que el previsto.<\/p>\n\n\n\n<figure class=\"wp-block-image size-full\"><img loading=\"lazy\" decoding=\"async\" width=\"83\" height=\"59\" src=\"https:\/\/fecavem.com\/wp-content\/uploads\/2025\/05\/image-3.png\" alt=\"\" class=\"wp-image-17425\"\/><\/figure>\n\n\n\n<h2 class=\"wp-block-heading\">Veh\u00edculos comerciales<\/h2>\n\n\n\n<h4 class=\"wp-block-heading\">Resultado mensual<\/h4>\n\n\n\n<p>El mercado catal\u00e1n ha sumado 1.578 unidades mensuales, con una bajada del 1%.<\/p>\n\n\n\n<p>El mercado estatal ha sumado 16.023 unidades, un +1,8%. El peso de Catalunya en el conjunto del mercado nacional es del 9,8%.<\/p>\n\n\n\n<h4 class=\"wp-block-heading\">Resultado acumulado<\/h4>\n\n\n\n<p>En el acumulado del a\u00f1o, el mercado catal\u00e1n ha sumado 6.003 unidades, un incremento del 2,9%, mientras que el mercado estatal ha sumado 58.431 unidades, un aumento del 9%.<\/p>\n\n\n\n<h4 class=\"wp-block-heading\">Previsi\u00f3n de cierre anual<\/h4>\n\n\n\n<p>La previsi\u00f3n para el ejercicio 2025 es una subida del 3,5% con un total de 17.385 unidades en Catalunya y se ha concretado en una subida del 4,2% anual, superando nuestra previsi\u00f3n inicial. En Espa\u00f1a, la previsi\u00f3n estimada es de 170.826 unidades y un incremento del 3% y el resultado acumulado de 9%, mejor que el previsto.<\/p>\n\n\n\n<figure class=\"wp-block-image size-full\"><img loading=\"lazy\" decoding=\"async\" width=\"116\" height=\"68\" src=\"https:\/\/fecavem.com\/wp-content\/uploads\/2025\/05\/image-2.png\" alt=\"\" class=\"wp-image-17423\"\/><\/figure>\n\n\n\n<h2 class=\"wp-block-heading\">Veh\u00edculos de dos ruedas<\/h2>\n\n\n\n<h4 class=\"wp-block-heading\">Resultado mensual<\/h4>\n\n\n\n<h2 class=\"wp-block-heading\">El mercado catal\u00e1n ha sumado 4.360 unidades, con un decremento mensual del 5%, mientras que el mercado estatal ha sumado 20.521 unidades, un incremento del 0,9%. El peso de Catalunya en el conjunto del mercado de VO nacional es del 21,2%.<\/h2>\n\n\n\n<h4 class=\"wp-block-heading\">Resultado acumulado<\/h4>\n\n\n\n<p>En el acumulado del a\u00f1o, el mercado catal\u00e1n ha sumado 14.866 unidades, un decremento del 6,5%, mientras que el mercado estatal ha sumado 68.499 unidades, una ligera subida del 0,3%.<\/p>\n\n\n\n<h4 class=\"wp-block-heading\">Previsi\u00f3n de cierre anual<\/h4>\n\n\n\n<p>La previsi\u00f3n para el ejercicio 2025 es del -0,6% con un total de 52.861 unidades en Catalunya y se ha concretado en una bajada del -7,2% este mes, por debajo de nuestra previsi\u00f3n inicial. En Espa\u00f1a, la previsi\u00f3n estimada es de 238.671 unidades y un incremento del 0,6% y el resultado acumulado de 0,3%, por debajo del pronosticado.<\/p>\n\n\n\n<h2 class=\"wp-block-heading\">Valoraci\u00f3n de los datos por el portavoz de Fecavem, Joan Blancafort<\/h2>\n\n\n\n<p><strong>Se mantiene una evoluci\u00f3n positiva de las matriculaciones en el conjunto de Espa\u00f1a. <\/strong>Las matriculaciones crecen de forma generalizada en Espa\u00f1a. <strong>En el mercado espa\u00f1ol destaca el incremento de un 67% de matriculaciones en Valencia, debido a la DANA, el 24,6% del Pa\u00eds Vasco y el 10,3% de La Rioja, en estas dos comunidades aut\u00f3nomas, porque est\u00e1n activos programas de ayuda a la compra.<\/strong><\/p>\n\n\n\n<p><strong>En Catalunya, la tendencia es diferente: las matriculaciones de turismos -a pesar de ser de signo positivo- quedan por debajo del conjunto estatal y en cuanto a veh\u00edculos comerciales y de dos ruedas, caen.\u00a0<\/strong><\/p>\n\n\n\n<p><strong>Octavo mes consecutivo de subida de turismos. <\/strong>La tendencia de crecimiento en turismos se mantiene, pero no en veh\u00edculos comerciales y dos ruedas.<\/p>\n\n\n\n<p><strong>El envejecimiento del parque, el problema de fondo.<\/strong> En referencia a las emisiones ambientales y la seguridad vial, continuamos subrayando el problema que supone que la tendencia de envejecimiento de la media del parque se sit\u00faa en 14,2 a\u00f1os.<\/p>\n\n\n\n<p><strong>Ligera frenada de las matriculaciones de turismos el\u00e9ctricos respecto a (BEV<\/strong>) en el mes de marzo. Este mes de abril, en Catalunya, se ha corregido ligeramente a la baja la matriculaci\u00f3n de veh\u00edculos el\u00e9ctricos puros.<\/p>\n\n\n\n<p><strong>Automobile Barcelona como escaparate del sector.<\/strong> El sector conf\u00eda en que la celebraci\u00f3n de un evento internacional como lo es el Sal\u00f3n Internacional del Autom\u00f3vil sea un revulsivo del mercado catal\u00e1n.<\/p>\n\n\n\n<p>Barcelona, 8 de mayo de 2025<\/p>\n\n\n\n<p><\/p>\n","protected":false},"excerpt":{"rendered":"<p>Informaci\u00f3n gr\u00e1fica del mercado y las matriculaciones, aqu\u00ed Autom\u00f3viles de turismo Resultado mensual y detalle por canales En Catalunya, las matriculaciones han aumentado un 1,5%, llegando a las 9.809 unidades. En los primeros meses del a\u00f1o, el mercado de turismos mantiene una din\u00e1mica positiva. Por canales, las empresas han matriculado 1.407 unidades, con un incremento [&#8230;]<\/p>\n","protected":false},"author":2,"featured_media":11545,"comment_status":"closed","ping_status":"closed","sticky":false,"template":"","format":"standard","meta":{"footnotes":"","_links_to":"","_links_to_target":""},"categories":[90],"tags":[],"class_list":["post-17420","post","type-post","status-publish","format-standard","has-post-thumbnail","hentry","category-matriculaciones"],"_links":{"self":[{"href":"https:\/\/fecavem.com\/es\/wp-json\/wp\/v2\/posts\/17420","targetHints":{"allow":["GET"]}}],"collection":[{"href":"https:\/\/fecavem.com\/es\/wp-json\/wp\/v2\/posts"}],"about":[{"href":"https:\/\/fecavem.com\/es\/wp-json\/wp\/v2\/types\/post"}],"author":[{"embeddable":true,"href":"https:\/\/fecavem.com\/es\/wp-json\/wp\/v2\/users\/2"}],"replies":[{"embeddable":true,"href":"https:\/\/fecavem.com\/es\/wp-json\/wp\/v2\/comments?post=17420"}],"version-history":[{"count":5,"href":"https:\/\/fecavem.com\/es\/wp-json\/wp\/v2\/posts\/17420\/revisions"}],"predecessor-version":[{"id":17430,"href":"https:\/\/fecavem.com\/es\/wp-json\/wp\/v2\/posts\/17420\/revisions\/17430"}],"wp:featuredmedia":[{"embeddable":true,"href":"https:\/\/fecavem.com\/es\/wp-json\/wp\/v2\/media\/11545"}],"wp:attachment":[{"href":"https:\/\/fecavem.com\/es\/wp-json\/wp\/v2\/media?parent=17420"}],"wp:term":[{"taxonomy":"category","embeddable":true,"href":"https:\/\/fecavem.com\/es\/wp-json\/wp\/v2\/categories?post=17420"},{"taxonomy":"post_tag","embeddable":true,"href":"https:\/\/fecavem.com\/es\/wp-json\/wp\/v2\/tags?post=17420"}],"curies":[{"name":"wp","href":"https:\/\/api.w.org\/{rel}","templated":true}]}}