{"id":17942,"date":"2025-06-30T17:41:22","date_gmt":"2025-06-30T17:41:22","guid":{"rendered":"https:\/\/fecavem.com\/jaume-roura-presideix-jornada-metall-upm-i-lautomocio-reivindica-seva-potencia\/"},"modified":"2025-06-30T17:45:09","modified_gmt":"2025-06-30T17:45:09","slug":"jaume-roura-preside-jornada-metal-upm-automocion-reivindica-su-potencia","status":"publish","type":"post","link":"https:\/\/fecavem.com\/es\/jaume-roura-preside-jornada-metal-upm-automocion-reivindica-su-potencia\/","title":{"rendered":"Jaume Roura preside la Jornada del Metal UPM y la automoci\u00f3n reivindica su potencia"},"content":{"rendered":"\n<p>El Presidente del Gremio del Motor y Fecavem, Jaume Roura i Calls, ha liderado la Jornada anual del metal de la UPM, que tuvo lugar el pasado d\u00eda 19 de junio, en la sede de Foment del Treball. En su intervenci\u00f3n, reivindic\u00f3 el papel de la empresa dado que su objetivo es generar riqueza y a la vez empleo. Reivindic\u00f3 la necesidad de que se artcule una administraci\u00f3n cercana a la empresa, conocedora de sus problemas y retos con capacidad de escuchar <strong>propuestas y convertirlas en programas de acci\u00f3n considerando la realidad del tejido productivo catal\u00e1n en la totalidad del territorio catal\u00e1n.<\/strong><\/p>\n\n\n\n<p>El acto cont\u00f3 con la participaci\u00f3n del <strong>MH Salvador Illa, Presidente de la Generalitat de Catalunya, el CEO interino de Seat y Cupra, Markus Haupt, de altos representantes de las instituciones CEOE y Confemetal, as\u00ed como del presidente de Fomento.<\/strong><\/p>\n\n\n\n<figure class=\"wp-block-image size-large\"><img loading=\"lazy\" decoding=\"async\" width=\"1024\" height=\"682\" src=\"https:\/\/fecavem.com\/wp-content\/uploads\/2025\/06\/WhatsApp-Image-2025-06-18-at-19.51.22-1-1024x682.jpeg\" alt=\"\" class=\"wp-image-17937\" srcset=\"https:\/\/fecavem.com\/wp-content\/uploads\/2025\/06\/WhatsApp-Image-2025-06-18-at-19.51.22-1-1024x682.jpeg 1024w, https:\/\/fecavem.com\/wp-content\/uploads\/2025\/06\/WhatsApp-Image-2025-06-18-at-19.51.22-1-300x200.jpeg 300w, https:\/\/fecavem.com\/wp-content\/uploads\/2025\/06\/WhatsApp-Image-2025-06-18-at-19.51.22-1-768x512.jpeg 768w, https:\/\/fecavem.com\/wp-content\/uploads\/2025\/06\/WhatsApp-Image-2025-06-18-at-19.51.22-1-1536x1023.jpeg 1536w, https:\/\/fecavem.com\/wp-content\/uploads\/2025\/06\/WhatsApp-Image-2025-06-18-at-19.51.22-1-750x500.jpeg 750w, https:\/\/fecavem.com\/wp-content\/uploads\/2025\/06\/WhatsApp-Image-2025-06-18-at-19.51.22-1-1140x760.jpeg 1140w, https:\/\/fecavem.com\/wp-content\/uploads\/2025\/06\/WhatsApp-Image-2025-06-18-at-19.51.22-1.jpeg 1600w\" sizes=\"auto, (max-width: 1024px) 100vw, 1024px\" \/><\/figure>\n\n\n\n<p><\/p>\n\n\n\n<p>Cabe destacar tambi\u00e9n el reconocimiento a la empresa m\u00e1s importante de Catalu\u00f1a que recibi\u00f3<strong> Markus Haupt, como CEO interino de SEAT y CUPRA.<\/strong> Un referente industrial que va m\u00e1s all\u00e1 de la automoci\u00f3n en nuestra casa. \u00abEs un reconocimiento muy especial y muestra c\u00f3mo hemos crecido y evolucionado desde nuestra fundaci\u00f3n. Y, desde el primer momento, tuvimos claro nuestro prop\u00f3sito: poner a Espa\u00f1a sobre ruedas. Y lo hemos conseguido acercando a las familias y liderando nuestro sector hasta situar a Espa\u00f1a como segundo fabricante de autom\u00f3viles en Europa y noveno a nivel mundial.\u00a0<strong>Nuestra compa\u00f1\u00eda representa el 1% del PIB nacional actual y todas las empresas y entidades que forman parte de la UPM sois parte de esta trayectoria. Todos juntos hemos conseguido que la UPM sea la patronal regional del metal m\u00e1s importante del sur de Europa.\u00a0<\/strong>Nos encontramos en un momento clave de nuestro sector y nosotros queremos convertir a Espa\u00f1a en un referente de la electromovilidad, ahora queremos poner al pa\u00eds sobre ruedas el\u00e9ctricas. Y nuestra marca Cupra juega un papel clave, con una marca que naci\u00f3 desde Barcelona y, solo en siete a\u00f1os, hemos creado siete modelos y hemos convertido a Cupra en la marca que m\u00e1s r\u00e1pido crece en Europa. Ahora, tambi\u00e9n vamos por el buen camino de ser una marca global\u00bb, se\u00f1al\u00f3 Haupt.<\/p>\n\n\n\n<figure class=\"wp-block-image size-large\"><img loading=\"lazy\" decoding=\"async\" width=\"1024\" height=\"683\" src=\"https:\/\/fecavem.com\/wp-content\/uploads\/2025\/06\/WhatsApp-Image-2025-06-18-at-22.03.26-1024x683.jpeg\" alt=\"\" class=\"wp-image-17939\" srcset=\"https:\/\/fecavem.com\/wp-content\/uploads\/2025\/06\/WhatsApp-Image-2025-06-18-at-22.03.26-1024x683.jpeg 1024w, https:\/\/fecavem.com\/wp-content\/uploads\/2025\/06\/WhatsApp-Image-2025-06-18-at-22.03.26-300x200.jpeg 300w, https:\/\/fecavem.com\/wp-content\/uploads\/2025\/06\/WhatsApp-Image-2025-06-18-at-22.03.26-768x512.jpeg 768w, https:\/\/fecavem.com\/wp-content\/uploads\/2025\/06\/WhatsApp-Image-2025-06-18-at-22.03.26-1536x1024.jpeg 1536w, https:\/\/fecavem.com\/wp-content\/uploads\/2025\/06\/WhatsApp-Image-2025-06-18-at-22.03.26-2048x1366.jpeg 2048w, https:\/\/fecavem.com\/wp-content\/uploads\/2025\/06\/WhatsApp-Image-2025-06-18-at-22.03.26-750x500.jpeg 750w, https:\/\/fecavem.com\/wp-content\/uploads\/2025\/06\/WhatsApp-Image-2025-06-18-at-22.03.26-1140x760.jpeg 1140w\" sizes=\"auto, (max-width: 1024px) 100vw, 1024px\" \/><\/figure>\n\n\n\n<p><\/p>\n\n\n\n<p>La jornada se celebr\u00f3 en un momento porque las negociaciones de los convenios aplicables a los agremiados est\u00e1n abiertas, porque el pasado mes de mayo el Gobierno de Espa\u00f1a aprob\u00f3 el Proyecto de Ley para la reducci\u00f3n de la jornada laboral y en el mes de julio se votar\u00e1n en el pleno del Congreso las enmiendas a la totalidad en curso y porque las organizaciones empresariales acusan <strong>al Congreso de no buscar el consenso entre las organizaciones empresariales. sindicatos, Gobierno y empresas.<\/strong><\/p>\n","protected":false},"excerpt":{"rendered":"<p>El Presidente del Gremio del Motor y Fecavem, Jaume Roura i Calls, ha liderado la Jornada anual del metal de la UPM, que tuvo lugar el pasado d\u00eda 19 de junio, en la sede de Foment del Treball. En su intervenci\u00f3n, reivindic\u00f3 el papel de la empresa dado que su objetivo es generar riqueza y [&#8230;]<\/p>\n","protected":false},"author":2,"featured_media":17936,"comment_status":"closed","ping_status":"closed","sticky":false,"template":"","format":"standard","meta":{"footnotes":"","_links_to":"","_links_to_target":""},"categories":[93],"tags":[],"class_list":["post-17942","post","type-post","status-publish","format-standard","has-post-thumbnail","hentry","category-movilidad"],"_links":{"self":[{"href":"https:\/\/fecavem.com\/es\/wp-json\/wp\/v2\/posts\/17942","targetHints":{"allow":["GET"]}}],"collection":[{"href":"https:\/\/fecavem.com\/es\/wp-json\/wp\/v2\/posts"}],"about":[{"href":"https:\/\/fecavem.com\/es\/wp-json\/wp\/v2\/types\/post"}],"author":[{"embeddable":true,"href":"https:\/\/fecavem.com\/es\/wp-json\/wp\/v2\/users\/2"}],"replies":[{"embeddable":true,"href":"https:\/\/fecavem.com\/es\/wp-json\/wp\/v2\/comments?post=17942"}],"version-history":[{"count":2,"href":"https:\/\/fecavem.com\/es\/wp-json\/wp\/v2\/posts\/17942\/revisions"}],"predecessor-version":[{"id":17945,"href":"https:\/\/fecavem.com\/es\/wp-json\/wp\/v2\/posts\/17942\/revisions\/17945"}],"wp:featuredmedia":[{"embeddable":true,"href":"https:\/\/fecavem.com\/es\/wp-json\/wp\/v2\/media\/17936"}],"wp:attachment":[{"href":"https:\/\/fecavem.com\/es\/wp-json\/wp\/v2\/media?parent=17942"}],"wp:term":[{"taxonomy":"category","embeddable":true,"href":"https:\/\/fecavem.com\/es\/wp-json\/wp\/v2\/categories?post=17942"},{"taxonomy":"post_tag","embeddable":true,"href":"https:\/\/fecavem.com\/es\/wp-json\/wp\/v2\/tags?post=17942"}],"curies":[{"name":"wp","href":"https:\/\/api.w.org\/{rel}","templated":true}]}}