{"id":17988,"date":"2025-07-01T09:14:58","date_gmt":"2025-07-01T09:14:58","guid":{"rendered":"https:\/\/fecavem.com\/?p=17988"},"modified":"2025-07-01T09:19:30","modified_gmt":"2025-07-01T09:19:30","slug":"julio-jaume-roura-pido-apoyo-este-8-julio","status":"publish","type":"post","link":"https:\/\/fecavem.com\/es\/julio-jaume-roura-pido-apoyo-este-8-julio\/","title":{"rendered":"Julio | Jaume Roura: \u00abTe pido tu apoyo para este 8 de julio\u00bb"},"content":{"rendered":"\n<p>Bienvenido compa\u00f1ero\/a,<\/p>\n\n\n\n<p>Esta&nbsp;vez,&nbsp;<strong>me vas a permitir que te env\u00ede esta&nbsp;carta&nbsp;como presidente del Gremio del Motor y Fecavem, pero tambi\u00e9n como empresario del sector de la movilidad<\/strong>, tanto de ventas de VN y VO, talleres de postventa y reparaciones en general, as\u00ed como distribuci\u00f3n de recambios. Todo se engloba en la motivaci\u00f3n que tengo para pedirte lo siguiente.<\/p>\n\n\n\n<p>El conjunto que acabo de citar representa un liderazgo de empresarios y empresarias de diferentes especialidades y tama\u00f1os de empresas, pero con el mismo objetivo: vender y facturar para ofrecer un servicio al usuario final de la movilidad privada. Y, por todo ello, debemos unir todos los esfuerzos desde el empresariado en torno a nuestra patronal y los gremios y asociaciones provinciales&nbsp;<strong>si queremos dar continuidad a nuestras empresas.<\/strong><\/p>\n\n\n\n<p>Soy as\u00ed de tajante y&nbsp;<strong>hago esta reflexi\u00f3n por los siguientes motivos: vivimos tiempos de transformaci\u00f3n y necesitamos que la clase pol\u00edtica escuche y ayude al sector.<\/strong>&nbsp;Espa\u00f1a representamos al segundo pa\u00eds de la Uni\u00f3n Europea con m\u00e1s peso en el sector de la automoci\u00f3n y, todos juntos, aportamos el 12 % del PIB. Desde la fabricaci\u00f3n fina a la distribuci\u00f3n debemos presionarnos de forma urgente para renovar el parque, pr\u00e1cticamente el m\u00e1s envejecido en Europa y hacen falta planes de actuaci\u00f3n efectivos para llevarlo a cabo.<\/p>\n\n\n\n<p>Por todo ello,\u00a0<a href=\"https:\/\/forms.office.com\/pages\/responsepage.aspx?id=_A6o20CrbUapNmKmaCXKuagYyC_vw_9AjB_phMLzH_lUM05ITzlIWko0Qks3TE85WU0yTFBWWDQ2USQlQCN0PWcu&amp;origin=lprLink&amp;route=shorturl\" rel=\"noopener\"><strong>nos hemos marcado liderar este clamor y esta renovaci\u00f3n desde Catalunya.<\/strong>\u00a0Y lo haremos de forma inmediata el martes, 8 de julio a las 17:30h desde Foment del Treball<\/a>, con un acto donde te pido de forma personal tu asistencia. Contaremos con los m\u00e1ximos representantes de todas las asociaciones estatales, tanto de\u00a0<strong>Faconauto como Ganvam<\/strong>; y tambi\u00e9n de\u00a0<strong>la Consellera\u00a0de Econom\u00eda y Finanzas del Gobierno de la Generalidad de Catalu\u00f1a, Alicia Romero.<\/strong>\u00a0Hay que llenar la sala llena para exponerle las preocupaciones y tambi\u00e9n trasladarlo a la opini\u00f3n p\u00fablica a trav\u00e9s de todos los medios de comunicaci\u00f3n convocados.<\/p>\n\n\n\n<p>En definitiva, Fecavem se ha marcado dar el pistoletazo de salida de esta transformaci\u00f3n urgente desde Barcelona y Catalu\u00f1a, consiguiendo una voz fuerte de todo el sector.&nbsp;<strong>La unidad en el \u00e1mbito de Espa\u00f1a ser\u00e1 la que har\u00e1 decidir actuaciones que nos acabar\u00e1n afectando a todos.&nbsp;<\/strong><\/p>\n\n\n\n<p><strong>No puedes faltar. Este acto es importante para nuestras empresas y acabaremos con un networking y cena<\/strong>&nbsp;para poder acabar de recoger y debatir todas las preocupaciones y necesidades del momento. \u00a1Inscr\u00edbete y haz o\u00edr nuestra voz! Inscr\u00edbete en el enlace de debajo o escanea el c\u00f3digo QR.<\/p>\n\n\n\n<p>Un abrazo,<\/p>\n\n\n\n<p><em><strong>Jaume&nbsp;Roura &nbsp;Calls<br>Presidente de Fecavem y el Gremio del Motor y la Movilidad de Barcelona<\/strong><\/em><\/p>\n","protected":false},"excerpt":{"rendered":"<p>Bienvenido compa\u00f1ero\/a, Esta&nbsp;vez,&nbsp;me vas a permitir que te env\u00ede esta&nbsp;carta&nbsp;como presidente del Gremio del Motor y Fecavem, pero tambi\u00e9n como empresario del sector de la movilidad, tanto de ventas de VN y VO, talleres de postventa y reparaciones en general, as\u00ed como distribuci\u00f3n de recambios. Todo se engloba en la motivaci\u00f3n que tengo para pedirte [&#8230;]<\/p>\n","protected":false},"author":2,"featured_media":17989,"comment_status":"closed","ping_status":"closed","sticky":false,"template":"","format":"standard","meta":{"footnotes":"","_links_to":"","_links_to_target":""},"categories":[96],"tags":[],"class_list":["post-17988","post","type-post","status-publish","format-standard","has-post-thumbnail","hentry","category-jaume-roura-es"],"_links":{"self":[{"href":"https:\/\/fecavem.com\/es\/wp-json\/wp\/v2\/posts\/17988","targetHints":{"allow":["GET"]}}],"collection":[{"href":"https:\/\/fecavem.com\/es\/wp-json\/wp\/v2\/posts"}],"about":[{"href":"https:\/\/fecavem.com\/es\/wp-json\/wp\/v2\/types\/post"}],"author":[{"embeddable":true,"href":"https:\/\/fecavem.com\/es\/wp-json\/wp\/v2\/users\/2"}],"replies":[{"embeddable":true,"href":"https:\/\/fecavem.com\/es\/wp-json\/wp\/v2\/comments?post=17988"}],"version-history":[{"count":2,"href":"https:\/\/fecavem.com\/es\/wp-json\/wp\/v2\/posts\/17988\/revisions"}],"predecessor-version":[{"id":17995,"href":"https:\/\/fecavem.com\/es\/wp-json\/wp\/v2\/posts\/17988\/revisions\/17995"}],"wp:featuredmedia":[{"embeddable":true,"href":"https:\/\/fecavem.com\/es\/wp-json\/wp\/v2\/media\/17989"}],"wp:attachment":[{"href":"https:\/\/fecavem.com\/es\/wp-json\/wp\/v2\/media?parent=17988"}],"wp:term":[{"taxonomy":"category","embeddable":true,"href":"https:\/\/fecavem.com\/es\/wp-json\/wp\/v2\/categories?post=17988"},{"taxonomy":"post_tag","embeddable":true,"href":"https:\/\/fecavem.com\/es\/wp-json\/wp\/v2\/tags?post=17988"}],"curies":[{"name":"wp","href":"https:\/\/api.w.org\/{rel}","templated":true}]}}