{"id":18012,"date":"2025-07-03T08:50:59","date_gmt":"2025-07-03T08:50:59","guid":{"rendered":"https:\/\/fecavem.com\/sola-veu-barcelona-espanya-inscriute-gran-jornada-8-juliol\/"},"modified":"2025-07-03T09:05:50","modified_gmt":"2025-07-03T09:05:50","slug":"sola-voz-barcelona-espana-inscribete-gran-jornada-8-julio","status":"publish","type":"post","link":"https:\/\/fecavem.com\/es\/sola-voz-barcelona-espana-inscribete-gran-jornada-8-julio\/","title":{"rendered":"Una sola voz: \u00a1De Barcelona a Espa\u00f1a! Inscr\u00edbete en la gran jornada del 8 de julio"},"content":{"rendered":"\n<p>????Jornada Automoci\u00f3n: \u00a1una sola voz! De Barcelona a Espa\u00f1a. Toda la automoci\u00f3n espa\u00f1ola se re\u00fane en un acto \u00fanico para crear una voz fuerte<\/p>\n\n\n\n<p>La jornada contar\u00e1 con la lectura del manifiesto por parte de todas las patronales m\u00e1s representativas del pa\u00eds. \u00a1Consulta la agenda e inscr\u00edbete para este 8 de julio!<\/p>\n\n\n\n<p><\/p>\n\n\n\n<figure class=\"wp-block-image size-large\"><img loading=\"lazy\" decoding=\"async\" width=\"1024\" height=\"576\" src=\"https:\/\/fecavem.com\/wp-content\/uploads\/2025\/07\/10-1024x576.jpg\" alt=\"\" class=\"wp-image-18018\" srcset=\"https:\/\/fecavem.com\/wp-content\/uploads\/2025\/07\/10-1024x576.jpg 1024w, https:\/\/fecavem.com\/wp-content\/uploads\/2025\/07\/10-300x169.jpg 300w, https:\/\/fecavem.com\/wp-content\/uploads\/2025\/07\/10-768x432.jpg 768w, https:\/\/fecavem.com\/wp-content\/uploads\/2025\/07\/10-1536x864.jpg 1536w, https:\/\/fecavem.com\/wp-content\/uploads\/2025\/07\/10-750x422.jpg 750w, https:\/\/fecavem.com\/wp-content\/uploads\/2025\/07\/10-1140x641.jpg 1140w, https:\/\/fecavem.com\/wp-content\/uploads\/2025\/07\/10.jpg 1920w\" sizes=\"auto, (max-width: 1024px) 100vw, 1024px\" \/><\/figure>\n\n\n\n<p><\/p>\n\n\n\n<p>????El sector de la automoci\u00f3n espa\u00f1ola se re\u00fane en un acto \u00fanico convocado por la patronal catalana de automoci\u00f3n, Fecavem, el pr\u00f3ximo martes, 8 de julio, desde la Sala Magna de Fomento del Trabajo a partir de las 18h, apertura de puertas a las 17:30h.<\/p>\n\n\n\n<p>???? Del mismo modo que Barcelona y Catalunya puso sobre ruedas toda Espa\u00f1a hace cien a\u00f1os, los momentos actuales exigen unir el sector y crear una \u00fanica voz para negociar y afrontar todos los retos que se presentan ante las instituciones: gobiernos auton\u00f3micos, espa\u00f1ol y europeo desde Bruselas.&nbsp;<\/p>\n\n\n\n<p>Os invitamos a esta jornada \u00fanica que ha conseguido el s\u00ed unitario de todos los implicados, que terminar\u00e1n con la lectura de un manifiesto detallado por parte de ellos. Ya puedes realizar tu inscripci\u00f3n. Tambi\u00e9n le ofrecemos una cena en formato networking de clausura. Aforo limitado seg\u00fan entrada de inscripci\u00f3n.<\/p>\n\n\n\n<div class=\"wp-block-buttons is-layout-flex wp-block-buttons-is-layout-flex\">\n<div class=\"wp-block-button\"><a class=\"wp-block-button__link wp-element-button\" href=\"https:\/\/forms.office.com\/pages\/responsepage.aspx?id=_A6o20CrbUapNmKmaCXKuagYyC_vw_9AjB_phMLzH_lUM05ITzlIWko0Qks3TE85WU0yTFBWWDQ2USQlQCN0PWcu&amp;origin=lprLink&amp;route=shorturl\" rel=\"noopener\">\u00a1INSCR\u00cdBETE!<\/a><\/div>\n<\/div>\n","protected":false},"excerpt":{"rendered":"<p>????Jornada Automoci\u00f3n: \u00a1una sola voz! De Barcelona a Espa\u00f1a. Toda la automoci\u00f3n espa\u00f1ola se re\u00fane en un acto \u00fanico para crear una voz fuerte La jornada contar\u00e1 con la lectura del manifiesto por parte de todas las patronales m\u00e1s representativas del pa\u00eds. \u00a1Consulta la agenda e inscr\u00edbete para este 8 de julio! ????El sector de [&#8230;]<\/p>\n","protected":false},"author":2,"featured_media":18022,"comment_status":"closed","ping_status":"closed","sticky":false,"template":"","format":"standard","meta":{"footnotes":"","_links_to":"","_links_to_target":""},"categories":[93],"tags":[],"class_list":["post-18012","post","type-post","status-publish","format-standard","has-post-thumbnail","hentry","category-movilidad"],"_links":{"self":[{"href":"https:\/\/fecavem.com\/es\/wp-json\/wp\/v2\/posts\/18012","targetHints":{"allow":["GET"]}}],"collection":[{"href":"https:\/\/fecavem.com\/es\/wp-json\/wp\/v2\/posts"}],"about":[{"href":"https:\/\/fecavem.com\/es\/wp-json\/wp\/v2\/types\/post"}],"author":[{"embeddable":true,"href":"https:\/\/fecavem.com\/es\/wp-json\/wp\/v2\/users\/2"}],"replies":[{"embeddable":true,"href":"https:\/\/fecavem.com\/es\/wp-json\/wp\/v2\/comments?post=18012"}],"version-history":[{"count":3,"href":"https:\/\/fecavem.com\/es\/wp-json\/wp\/v2\/posts\/18012\/revisions"}],"predecessor-version":[{"id":18021,"href":"https:\/\/fecavem.com\/es\/wp-json\/wp\/v2\/posts\/18012\/revisions\/18021"}],"wp:featuredmedia":[{"embeddable":true,"href":"https:\/\/fecavem.com\/es\/wp-json\/wp\/v2\/media\/18022"}],"wp:attachment":[{"href":"https:\/\/fecavem.com\/es\/wp-json\/wp\/v2\/media?parent=18012"}],"wp:term":[{"taxonomy":"category","embeddable":true,"href":"https:\/\/fecavem.com\/es\/wp-json\/wp\/v2\/categories?post=18012"},{"taxonomy":"post_tag","embeddable":true,"href":"https:\/\/fecavem.com\/es\/wp-json\/wp\/v2\/tags?post=18012"}],"curies":[{"name":"wp","href":"https:\/\/api.w.org\/{rel}","templated":true}]}}