{"id":18079,"date":"2025-07-09T10:15:31","date_gmt":"2025-07-09T10:15:31","guid":{"rendered":"https:\/\/fecavem.com\/automocio-uneix-demanar-crear-nova-organitzacio-que-uneixi-i-englobi-tots-interessos-sector\/"},"modified":"2025-07-09T11:00:14","modified_gmt":"2025-07-09T11:00:14","slug":"automocion-une-pider-crear-nueva-organizacion-englobe-todos-intereses-sector","status":"publish","type":"post","link":"https:\/\/fecavem.com\/es\/automocion-une-pider-crear-nueva-organizacion-englobe-todos-intereses-sector\/","title":{"rendered":"La automoci\u00f3n se une para pedir crear una nueva organizaci\u00f3n que una y englobe todos los intereses del sector"},"content":{"rendered":"\n<p>Fecavem y el Gremi del Motor i la Mobilitat de Barcelona han impulsado una jornada hist\u00f3rica para agrupar toda la cadena de valor de la automoci\u00f3n, desde fabricantes pasando por recambios, talleres, postventa, gestores, seguros y distribuidores, con el objetivo de crear una entidad \u00fanica que, respetando la singularidad de cada organizaci\u00f3n, pueda ser un interlocutor de Espa\u00f1a y la Uni\u00f3n Europea.<\/p>\n\n\n\n<figure class=\"wp-block-image size-large\"><img loading=\"lazy\" decoding=\"async\" width=\"1024\" height=\"682\" src=\"https:\/\/fecavem.com\/wp-content\/uploads\/2025\/07\/WhatsApp-Image-2025-07-08-at-18.27.54-1024x682.jpeg\" alt=\"\" class=\"wp-image-18068\" srcset=\"https:\/\/fecavem.com\/wp-content\/uploads\/2025\/07\/WhatsApp-Image-2025-07-08-at-18.27.54-1024x682.jpeg 1024w, https:\/\/fecavem.com\/wp-content\/uploads\/2025\/07\/WhatsApp-Image-2025-07-08-at-18.27.54-300x200.jpeg 300w, https:\/\/fecavem.com\/wp-content\/uploads\/2025\/07\/WhatsApp-Image-2025-07-08-at-18.27.54-768x512.jpeg 768w, https:\/\/fecavem.com\/wp-content\/uploads\/2025\/07\/WhatsApp-Image-2025-07-08-at-18.27.54-1536x1023.jpeg 1536w, https:\/\/fecavem.com\/wp-content\/uploads\/2025\/07\/WhatsApp-Image-2025-07-08-at-18.27.54-750x500.jpeg 750w, https:\/\/fecavem.com\/wp-content\/uploads\/2025\/07\/WhatsApp-Image-2025-07-08-at-18.27.54-1140x760.jpeg 1140w, https:\/\/fecavem.com\/wp-content\/uploads\/2025\/07\/WhatsApp-Image-2025-07-08-at-18.27.54.jpeg 1600w\" sizes=\"auto, (max-width: 1024px) 100vw, 1024px\" \/><\/figure>\n\n\n\n<p><\/p>\n\n\n\n<p>Durante el acto, la consejera de Econom\u00eda y Finanzas, Al\u00edcia Romero, destac\u00f3: \u00abEl sector del autom\u00f3vil, en sentido amplio, es un sector estrat\u00e9gico en nuestro pa\u00eds y un vector clave de las exportaciones\u00bb y ha se\u00f1alado que se encuentra en pleno proceso de descarbonizaci\u00f3n. En este sentido, ha recordado el Plan del veh\u00edculo el\u00e9ctrico aprobado por el Govern, que \u00abdebe servir para impulsar la fabricaci\u00f3n, la distribuci\u00f3n y la compra del veh\u00edculo el\u00e9ctrico\u00bb. Porque \u00abnecesitamos un sector mucho m\u00e1s digitalizado, tecnol\u00f3gico y puntero, que nos ayude a liderar esta nueva era del futuro de la automoci\u00f3n en todo el mundo\u00bb, ha remachado.<\/p>\n\n\n\n<figure class=\"wp-block-image size-large\"><img loading=\"lazy\" decoding=\"async\" width=\"1024\" height=\"683\" src=\"https:\/\/fecavem.com\/wp-content\/uploads\/2025\/07\/WhatsApp-Image-2025-07-08-at-18.27.53-1-1-1024x683.jpeg\" alt=\"\" class=\"wp-image-18066\" srcset=\"https:\/\/fecavem.com\/wp-content\/uploads\/2025\/07\/WhatsApp-Image-2025-07-08-at-18.27.53-1-1-1024x683.jpeg 1024w, https:\/\/fecavem.com\/wp-content\/uploads\/2025\/07\/WhatsApp-Image-2025-07-08-at-18.27.53-1-1-300x200.jpeg 300w, https:\/\/fecavem.com\/wp-content\/uploads\/2025\/07\/WhatsApp-Image-2025-07-08-at-18.27.53-1-1-768x512.jpeg 768w, https:\/\/fecavem.com\/wp-content\/uploads\/2025\/07\/WhatsApp-Image-2025-07-08-at-18.27.53-1-1-750x500.jpeg 750w, https:\/\/fecavem.com\/wp-content\/uploads\/2025\/07\/WhatsApp-Image-2025-07-08-at-18.27.53-1-1-1140x760.jpeg 1140w, https:\/\/fecavem.com\/wp-content\/uploads\/2025\/07\/WhatsApp-Image-2025-07-08-at-18.27.53-1-1.jpeg 1374w\" sizes=\"auto, (max-width: 1024px) 100vw, 1024px\" \/><\/figure>\n\n\n\n<p><\/p>\n\n\n\n<p>Por su parte, el presidente de Fecavem y el Gremio del Motor, Jaume Roura, afirm\u00f3: \u00abDesde Barcelona se puso a Espa\u00f1a sobre ruedas y, ahora, la capital catalana ha sido el escenario donde \u00abse ha unido todo el sector espa\u00f1ol de la distribuci\u00f3n. No podemos dejar caer a un sector con todo lo que representa y aporta al PIB espa\u00f1ol. Hay que hacer un esfuerzo por encontrar puntos de equilibrio\u00bb, ha se\u00f1alado Roura, quien ha incidido en que el sector \u00abdebe estar junto y ser fuerte\u00bb ante los retos presentes y futuros.<\/p>\n\n\n\n<figure class=\"wp-block-image size-large\"><img loading=\"lazy\" decoding=\"async\" width=\"1024\" height=\"682\" src=\"https:\/\/fecavem.com\/wp-content\/uploads\/2025\/07\/WhatsApp-Image-2025-07-08-at-20.26.38-1024x682.jpeg\" alt=\"\" class=\"wp-image-18070\" srcset=\"https:\/\/fecavem.com\/wp-content\/uploads\/2025\/07\/WhatsApp-Image-2025-07-08-at-20.26.38-1024x682.jpeg 1024w, https:\/\/fecavem.com\/wp-content\/uploads\/2025\/07\/WhatsApp-Image-2025-07-08-at-20.26.38-300x200.jpeg 300w, https:\/\/fecavem.com\/wp-content\/uploads\/2025\/07\/WhatsApp-Image-2025-07-08-at-20.26.38-768x512.jpeg 768w, https:\/\/fecavem.com\/wp-content\/uploads\/2025\/07\/WhatsApp-Image-2025-07-08-at-20.26.38-1536x1023.jpeg 1536w, https:\/\/fecavem.com\/wp-content\/uploads\/2025\/07\/WhatsApp-Image-2025-07-08-at-20.26.38-750x500.jpeg 750w, https:\/\/fecavem.com\/wp-content\/uploads\/2025\/07\/WhatsApp-Image-2025-07-08-at-20.26.38-1140x760.jpeg 1140w, https:\/\/fecavem.com\/wp-content\/uploads\/2025\/07\/WhatsApp-Image-2025-07-08-at-20.26.38.jpeg 1600w\" sizes=\"auto, (max-width: 1024px) 100vw, 1024px\" \/><\/figure>\n\n\n\n<p><\/p>\n\n\n\n<p>El gran momento de la jornada fue la presentaci\u00f3n de la Memoria 2024 de resultados del Gremio del Motor y la presentaci\u00f3n del &#8216;Manifiesto, por una sola voz&#8217;, que fue complementado de la lectura de los m\u00e1ximos representantes y un v\u00eddeo.<\/p>\n\n\n\n<p><\/p>\n\n\n\n<figure class=\"wp-block-image size-large\"><img loading=\"lazy\" decoding=\"async\" width=\"1024\" height=\"683\" src=\"https:\/\/fecavem.com\/wp-content\/uploads\/2025\/07\/WhatsApp-Image-2025-07-08-at-18.44.38-1024x683.jpeg\" alt=\"\" class=\"wp-image-18076\" srcset=\"https:\/\/fecavem.com\/wp-content\/uploads\/2025\/07\/WhatsApp-Image-2025-07-08-at-18.44.38-1024x683.jpeg 1024w, https:\/\/fecavem.com\/wp-content\/uploads\/2025\/07\/WhatsApp-Image-2025-07-08-at-18.44.38-300x200.jpeg 300w, https:\/\/fecavem.com\/wp-content\/uploads\/2025\/07\/WhatsApp-Image-2025-07-08-at-18.44.38-768x512.jpeg 768w, https:\/\/fecavem.com\/wp-content\/uploads\/2025\/07\/WhatsApp-Image-2025-07-08-at-18.44.38-1536x1024.jpeg 1536w, https:\/\/fecavem.com\/wp-content\/uploads\/2025\/07\/WhatsApp-Image-2025-07-08-at-18.44.38-2048x1366.jpeg 2048w, https:\/\/fecavem.com\/wp-content\/uploads\/2025\/07\/WhatsApp-Image-2025-07-08-at-18.44.38-750x500.jpeg 750w, https:\/\/fecavem.com\/wp-content\/uploads\/2025\/07\/WhatsApp-Image-2025-07-08-at-18.44.38-1140x760.jpeg 1140w\" sizes=\"auto, (max-width: 1024px) 100vw, 1024px\" \/><\/figure>\n\n\n\n<p>Por otro lado, Miguel Gallo, socio de Ernst &amp; Young, analiz\u00f3 las propuestas reales y actuales del sector bajo la conferencia &#8216;Highlights Automotive 2025&#8217; en una presentaci\u00f3n magistral.<\/p>\n\n\n\n<p><\/p>\n\n\n\n<figure class=\"wp-block-image size-large\"><img loading=\"lazy\" decoding=\"async\" width=\"1024\" height=\"683\" src=\"https:\/\/fecavem.com\/wp-content\/uploads\/2025\/07\/WhatsApp-Image-2025-07-08-at-20.08.40-1024x683.jpeg\" alt=\"\" class=\"wp-image-18072\" srcset=\"https:\/\/fecavem.com\/wp-content\/uploads\/2025\/07\/WhatsApp-Image-2025-07-08-at-20.08.40-1024x683.jpeg 1024w, https:\/\/fecavem.com\/wp-content\/uploads\/2025\/07\/WhatsApp-Image-2025-07-08-at-20.08.40-300x200.jpeg 300w, https:\/\/fecavem.com\/wp-content\/uploads\/2025\/07\/WhatsApp-Image-2025-07-08-at-20.08.40-768x512.jpeg 768w, https:\/\/fecavem.com\/wp-content\/uploads\/2025\/07\/WhatsApp-Image-2025-07-08-at-20.08.40-1536x1024.jpeg 1536w, https:\/\/fecavem.com\/wp-content\/uploads\/2025\/07\/WhatsApp-Image-2025-07-08-at-20.08.40-2048x1365.jpeg 2048w, https:\/\/fecavem.com\/wp-content\/uploads\/2025\/07\/WhatsApp-Image-2025-07-08-at-20.08.40-750x500.jpeg 750w, https:\/\/fecavem.com\/wp-content\/uploads\/2025\/07\/WhatsApp-Image-2025-07-08-at-20.08.40-1140x760.jpeg 1140w\" sizes=\"auto, (max-width: 1024px) 100vw, 1024px\" \/><\/figure>\n\n\n\n<p><\/p>\n\n\n\n<p>El acto estuvo complementado con una mesa redonda liderada por Roura, pero tambi\u00e9n por Marta Bl\u00e1zquez, Presidenta de Faconauto, y Jaime Barea, Junta Directiva de Ganvam.<\/p>\n\n\n\n<figure class=\"wp-block-image size-large\"><img loading=\"lazy\" decoding=\"async\" width=\"1024\" height=\"683\" src=\"https:\/\/fecavem.com\/wp-content\/uploads\/2025\/07\/WhatsApp-Image-2025-07-08-at-20.08.40-1-1024x683.jpeg\" alt=\"\" class=\"wp-image-18074\" srcset=\"https:\/\/fecavem.com\/wp-content\/uploads\/2025\/07\/WhatsApp-Image-2025-07-08-at-20.08.40-1-1024x683.jpeg 1024w, https:\/\/fecavem.com\/wp-content\/uploads\/2025\/07\/WhatsApp-Image-2025-07-08-at-20.08.40-1-300x200.jpeg 300w, https:\/\/fecavem.com\/wp-content\/uploads\/2025\/07\/WhatsApp-Image-2025-07-08-at-20.08.40-1-768x512.jpeg 768w, https:\/\/fecavem.com\/wp-content\/uploads\/2025\/07\/WhatsApp-Image-2025-07-08-at-20.08.40-1-1536x1024.jpeg 1536w, https:\/\/fecavem.com\/wp-content\/uploads\/2025\/07\/WhatsApp-Image-2025-07-08-at-20.08.40-1-2048x1365.jpeg 2048w, https:\/\/fecavem.com\/wp-content\/uploads\/2025\/07\/WhatsApp-Image-2025-07-08-at-20.08.40-1-750x500.jpeg 750w, https:\/\/fecavem.com\/wp-content\/uploads\/2025\/07\/WhatsApp-Image-2025-07-08-at-20.08.40-1-1140x760.jpeg 1140w\" sizes=\"auto, (max-width: 1024px) 100vw, 1024px\" \/><\/figure>\n\n\n\n<p><\/p>\n\n\n\n<p>Tambi\u00e9n se ofreci\u00f3 una mesa redonda de profesionales con los partners de Fecavem: Coches.net, Cetelem, y Coberclick. Por otra parte, la jornada termin\u00f3 con una cena en formato networking de la mano del partner oficial Banco Sabadell.<\/p>\n\n\n\n<p><\/p>\n","protected":false},"excerpt":{"rendered":"<p>Fecavem y el Gremi del Motor i la Mobilitat de Barcelona han impulsado una jornada hist\u00f3rica para agrupar toda la cadena de valor de la automoci\u00f3n, desde fabricantes pasando por recambios, talleres, postventa, gestores, seguros y distribuidores, con el objetivo de crear una entidad \u00fanica que, respetando la singularidad de cada organizaci\u00f3n, pueda ser un [&#8230;]<\/p>\n","protected":false},"author":2,"featured_media":18063,"comment_status":"closed","ping_status":"closed","sticky":false,"template":"","format":"standard","meta":{"footnotes":"","_links_to":"","_links_to_target":""},"categories":[93],"tags":[],"class_list":["post-18079","post","type-post","status-publish","format-standard","has-post-thumbnail","hentry","category-movilidad"],"_links":{"self":[{"href":"https:\/\/fecavem.com\/es\/wp-json\/wp\/v2\/posts\/18079","targetHints":{"allow":["GET"]}}],"collection":[{"href":"https:\/\/fecavem.com\/es\/wp-json\/wp\/v2\/posts"}],"about":[{"href":"https:\/\/fecavem.com\/es\/wp-json\/wp\/v2\/types\/post"}],"author":[{"embeddable":true,"href":"https:\/\/fecavem.com\/es\/wp-json\/wp\/v2\/users\/2"}],"replies":[{"embeddable":true,"href":"https:\/\/fecavem.com\/es\/wp-json\/wp\/v2\/comments?post=18079"}],"version-history":[{"count":3,"href":"https:\/\/fecavem.com\/es\/wp-json\/wp\/v2\/posts\/18079\/revisions"}],"predecessor-version":[{"id":18084,"href":"https:\/\/fecavem.com\/es\/wp-json\/wp\/v2\/posts\/18079\/revisions\/18084"}],"wp:featuredmedia":[{"embeddable":true,"href":"https:\/\/fecavem.com\/es\/wp-json\/wp\/v2\/media\/18063"}],"wp:attachment":[{"href":"https:\/\/fecavem.com\/es\/wp-json\/wp\/v2\/media?parent=18079"}],"wp:term":[{"taxonomy":"category","embeddable":true,"href":"https:\/\/fecavem.com\/es\/wp-json\/wp\/v2\/categories?post=18079"},{"taxonomy":"post_tag","embeddable":true,"href":"https:\/\/fecavem.com\/es\/wp-json\/wp\/v2\/tags?post=18079"}],"curies":[{"name":"wp","href":"https:\/\/api.w.org\/{rel}","templated":true}]}}