{"id":18194,"date":"2025-08-01T14:36:04","date_gmt":"2025-08-01T14:36:04","guid":{"rendered":"https:\/\/fecavem.com\/actualitzacio-contracte-compravenda-de-vehicles-usats-celebrat-a-lestabliment-comercial-fecavem\/"},"modified":"2025-08-03T18:25:37","modified_gmt":"2025-08-03T18:25:37","slug":"actualizacion-contrato-compraventa-vehiculos-usados","status":"publish","type":"post","link":"https:\/\/fecavem.com\/es\/actualizacion-contrato-compraventa-vehiculos-usados\/","title":{"rendered":"Actualizaci\u00f3n del contrato de compraventa de veh\u00edculos usados, celebrado en el establecimiento comercial de Fecavem"},"content":{"rendered":"\n<p>Fecavem ha consensuado con la Agencia Catalana de Consumo la actualizaci\u00f3n del contrato FECAVEM de compraventa de veh\u00edculos usados, celebrada en el establecimiento comercial.<\/p>\n\n\n\n<p>Hist\u00f3ricamente, FECAVEM ha facilitado y peri\u00f3dicamente ha actualizado, contratos de compra y venta a sus socios, para ayudarles en su labor diaria de trabajo y prevenir posibles responsabilidades civiles, administrativas y penales. La Agencia Catalana de Consumo confirma el cumplimiento de la normativa vigente en materia de consumidores y usuarios.<\/p>\n\n\n\n<p>A trav\u00e9s de Fecavem y las asociaciones que la integran, los profesionales del motor disponen de modelos de contrato tanto de compra como de venta de veh\u00edculos de motor de ocasi\u00f3n, que responden a la legalidad vigente y a sus necesidades profesionales.<\/p>\n\n\n\n<p>Con motivo de esta actualizaci\u00f3n, a primeros de septiembre convocaremos una nueva sesi\u00f3n informativa exclusiva para profesionales.<\/p>\n","protected":false},"excerpt":{"rendered":"<p>Fecavem ha consensuado con la Agencia Catalana de Consumo la actualizaci\u00f3n del contrato FECAVEM de compraventa de veh\u00edculos usados, celebrada en el establecimiento comercial. Hist\u00f3ricamente, FECAVEM ha facilitado y peri\u00f3dicamente ha actualizado, contratos de compra y venta a sus socios, para ayudarles en su labor diaria de trabajo y prevenir posibles responsabilidades civiles, administrativas y [&#8230;]<\/p>\n","protected":false},"author":2,"featured_media":17929,"comment_status":"closed","ping_status":"closed","sticky":false,"template":"","format":"standard","meta":{"footnotes":"","_links_to":"","_links_to_target":""},"categories":[92],"tags":[],"class_list":["post-18194","post","type-post","status-publish","format-standard","has-post-thumbnail","hentry","category-govern-es"],"_links":{"self":[{"href":"https:\/\/fecavem.com\/es\/wp-json\/wp\/v2\/posts\/18194","targetHints":{"allow":["GET"]}}],"collection":[{"href":"https:\/\/fecavem.com\/es\/wp-json\/wp\/v2\/posts"}],"about":[{"href":"https:\/\/fecavem.com\/es\/wp-json\/wp\/v2\/types\/post"}],"author":[{"embeddable":true,"href":"https:\/\/fecavem.com\/es\/wp-json\/wp\/v2\/users\/2"}],"replies":[{"embeddable":true,"href":"https:\/\/fecavem.com\/es\/wp-json\/wp\/v2\/comments?post=18194"}],"version-history":[{"count":1,"href":"https:\/\/fecavem.com\/es\/wp-json\/wp\/v2\/posts\/18194\/revisions"}],"predecessor-version":[{"id":18234,"href":"https:\/\/fecavem.com\/es\/wp-json\/wp\/v2\/posts\/18194\/revisions\/18234"}],"wp:featuredmedia":[{"embeddable":true,"href":"https:\/\/fecavem.com\/es\/wp-json\/wp\/v2\/media\/17929"}],"wp:attachment":[{"href":"https:\/\/fecavem.com\/es\/wp-json\/wp\/v2\/media?parent=18194"}],"wp:term":[{"taxonomy":"category","embeddable":true,"href":"https:\/\/fecavem.com\/es\/wp-json\/wp\/v2\/categories?post=18194"},{"taxonomy":"post_tag","embeddable":true,"href":"https:\/\/fecavem.com\/es\/wp-json\/wp\/v2\/tags?post=18194"}],"curies":[{"name":"wp","href":"https:\/\/api.w.org\/{rel}","templated":true}]}}