{"id":18793,"date":"2025-11-04T11:20:28","date_gmt":"2025-11-04T11:20:28","guid":{"rendered":"https:\/\/fecavem.com\/noves-reivindicacions-taula-moute-per-barcelona\/"},"modified":"2025-11-04T11:22:18","modified_gmt":"2025-11-04T11:22:18","slug":"nuevas-reivindicaciones-mesa-moute-per-barcelona","status":"publish","type":"post","link":"https:\/\/fecavem.com\/es\/nuevas-reivindicaciones-mesa-moute-per-barcelona\/","title":{"rendered":"Nuevas reivindicaciones de la mesa Mou-te per Barcelona"},"content":{"rendered":"\n<p>La mesa empresarial <a href=\"http:\/\/www.mouteperbarcelona.com\/\" rel=\"noopener\">www.mouteperbarcelona.com<\/a>, que reivindica una movilidad m\u00e1s eficiente y descongestionada, donde sea compatible el transporte p\u00fablico y privado, ha llevado a cabo las siguientes actuaciones destacadas:<\/p>\n\n\n\n<ul class=\"wp-block-list\">\n<li>Carta al alcalde de Barcelona, Jaume Collboni, pidiendo m\u00e1s informaci\u00f3n sobre la puesta en marcha del proyecto del <strong>tranv\u00eda por la Diagonal<\/strong>, teniendo en cuenta que la mayor\u00eda obtenida es simple, sin un amplio consenso y con el Plan de Movilidad sin aprobaci\u00f3n inicial.<\/li>\n\n\n\n<li><strong>Ante las amenazas de boicot y movilizaciones <\/strong>ante el acuerdo del FC Barcelona con una empresa de VTC, defiende de la libertad de elecci\u00f3n de ciudadanos y empresas para moverse por la ciudad, as\u00ed y una petici\u00f3n de convivencia y de estabilidad para avanzar hacia un modelo de movilidad abierto, sostenible y competitivo.<\/li>\n\n\n\n<li><strong>Comunicando lamentando que una nueva ley<\/strong> del taxi impulsada por el Gobierno de la Generalidad, <strong>frene la libre elecci\u00f3n del ciudadano y frene la innovaci\u00f3n en la prestaci\u00f3n de servicios de movilidad.<\/strong><\/li>\n\n\n\n<li><strong>Reuni\u00f3n de seguimiento trimestral con la direcci\u00f3n t\u00e9cnica de la ciudad<\/strong>, para analizar la situaci\u00f3n general de la movilidad en la ciudad.<\/li>\n<\/ul>\n","protected":false},"excerpt":{"rendered":"<p>La mesa empresarial www.mouteperbarcelona.com, que reivindica una movilidad m\u00e1s eficiente y descongestionada, donde sea compatible el transporte p\u00fablico y privado, ha llevado a cabo las siguientes actuaciones destacadas:<\/p>\n","protected":false},"author":2,"featured_media":18204,"comment_status":"closed","ping_status":"closed","sticky":false,"template":"","format":"standard","meta":{"footnotes":"","_links_to":"","_links_to_target":""},"categories":[103],"tags":[],"class_list":["post-18793","post","type-post","status-publish","format-standard","has-post-thumbnail","hentry","category-barcelona-es"],"_links":{"self":[{"href":"https:\/\/fecavem.com\/es\/wp-json\/wp\/v2\/posts\/18793","targetHints":{"allow":["GET"]}}],"collection":[{"href":"https:\/\/fecavem.com\/es\/wp-json\/wp\/v2\/posts"}],"about":[{"href":"https:\/\/fecavem.com\/es\/wp-json\/wp\/v2\/types\/post"}],"author":[{"embeddable":true,"href":"https:\/\/fecavem.com\/es\/wp-json\/wp\/v2\/users\/2"}],"replies":[{"embeddable":true,"href":"https:\/\/fecavem.com\/es\/wp-json\/wp\/v2\/comments?post=18793"}],"version-history":[{"count":1,"href":"https:\/\/fecavem.com\/es\/wp-json\/wp\/v2\/posts\/18793\/revisions"}],"predecessor-version":[{"id":18794,"href":"https:\/\/fecavem.com\/es\/wp-json\/wp\/v2\/posts\/18793\/revisions\/18794"}],"wp:featuredmedia":[{"embeddable":true,"href":"https:\/\/fecavem.com\/es\/wp-json\/wp\/v2\/media\/18204"}],"wp:attachment":[{"href":"https:\/\/fecavem.com\/es\/wp-json\/wp\/v2\/media?parent=18793"}],"wp:term":[{"taxonomy":"category","embeddable":true,"href":"https:\/\/fecavem.com\/es\/wp-json\/wp\/v2\/categories?post=18793"},{"taxonomy":"post_tag","embeddable":true,"href":"https:\/\/fecavem.com\/es\/wp-json\/wp\/v2\/tags?post=18793"}],"curies":[{"name":"wp","href":"https:\/\/api.w.org\/{rel}","templated":true}]}}