{"id":18914,"date":"2025-12-01T10:20:50","date_gmt":"2025-12-01T10:20:50","guid":{"rendered":"https:\/\/fecavem.com\/salo-ocasio-2025-sera-concentrara-oferta-mes-gran-historia\/"},"modified":"2025-12-01T10:22:27","modified_gmt":"2025-12-01T10:22:27","slug":"salon-ocasion-2025-sera-concetrara-oferta-mayor-historia","status":"publish","type":"post","link":"https:\/\/fecavem.com\/es\/salon-ocasion-2025-sera-concetrara-oferta-mayor-historia\/","title":{"rendered":"El Sal\u00f3n Ocasi\u00f3n 2025 ser\u00e1 el que concentrar\u00e1 la oferta m\u00e1s grande de la historia"},"content":{"rendered":"\n<p><em>La proliferaci\u00f3n de diferentes canales de comercializaci\u00f3n y el auge de la venta de veh\u00edculos seminuevos, los dos grandes atractivos para asegurar el \u00e9xito del Sal\u00f3n Ocasi\u00f3n de este mes de diciembre<\/em><\/p>\n\n\n\n<p><strong>El Gremi del Motor i la Mobilitat de Barcelona celebrar\u00e1 del 5 al 8 de diciembre, coincidiendo con el Puente de la Pur\u00edsima, el Sal\u00f3n Ocasi\u00f3n desde el pabell\u00f3n n\u00famero 8 de Fira Barcelona, delante de plaza Espa\u00f1a (recinto Montju\u00efc).<\/strong><\/p>\n\n\n\n<p>El Sal\u00f3n Ocasi\u00f3n retoma su actividad despu\u00e9s de dos a\u00f1os y lo hace con diferencias notorias. La primera, que ya adelantamos, es el liderazgo de las empresas agremiadas en la organizaci\u00f3n de este Sal\u00f3n, de la mano del Gremi&nbsp;del Motor y con la colaboraci\u00f3n de Fira Barcelona. <strong>Jaume Roura, presidente del Gremio del Motor y la Movilidad de Barcelona, afirma: \u00abEste es un Sal\u00f3n de oportunidades para poder renovar o encontrar el primer veh\u00edculo para la movilidad privada de las personas\u00bb.<\/strong><\/p>\n\n\n\n<p>As\u00ed pues, el Sal\u00f3n Ocasi\u00f3n es el sal\u00f3n m\u00e1s antiguo de Catalunya y toda Espa\u00f1a, pero se ha sabido actualizar a los nuevos tiempos y a un mercado de ocasi\u00f3n (VO) que ya est\u00e1 por encima del volumen de ventas del nuevo (VN). \u00abEs un Sal\u00f3n donde, quien quiera comprar un coche o moto, se encontrar\u00e1 novedades en cuanto a las ofertas y la oportunidad de c\u00f3mo adquirirlo. Queremos ayudar a renovar el parque envejecido que tenemos en Catalu\u00f1a y el conjunto de Espa\u00f1a. Y este Sal\u00f3n contribuye a ello de forma significativa, ya que todos los veh\u00edculos cumplen con las etiquetas ambientales que marca la Uni\u00f3n Europea y, de forma adicional, sumamos el certificado Applus, una financiaci\u00f3n a medida y el sello del Gremi&nbsp;del Motor\u00bb, a\u00f1ade Roura.<\/p>\n\n\n\n<p>Este a\u00f1o, el Sal\u00f3n prev\u00e9 batir r\u00e9cords<strong>: \u00abEl Sal\u00f3n Ocasi\u00f3n 2025 ser\u00e1 el que concentrar\u00e1 la oferta m\u00e1s grande de la historia. Contamos con todas las grandes marcas existentes. En los \u00faltimos tiempos, se han generado diferentes sistemas y canales nuevos de comercializaci\u00f3n que ampl\u00edan la oferta de stock en VO. Sabemos que el producto que ofertaremos es muy potente y la \u00faltima oportunidad del a\u00f1o para adquirir un veh\u00edculo bueno y fiable con descuentos de hasta el 50%\u00bb.<\/strong><\/p>\n\n\n\n<p>El Gremi del Motor tambi\u00e9n pone en valor que, detr\u00e1s de este Sal\u00f3n, est\u00e1 la garant\u00eda de empresas hist\u00f3ricas de nuestra casa, con m\u00e1s de 70 a\u00f1os de experiencia, que quieren dar seguridad al comprador final: \u00abInvitamos a los interesados a adquirir un veh\u00edculo que visiten el Sal\u00f3n porque encontrar\u00e1n la ocasi\u00f3n que necesitan y al mejor precio\u00bb.<\/p>\n\n\n\n<p>De esta manera, el Sal\u00f3n apuesta por cubrir todas las necesidades de la movilidad, de coches y motos con m\u00e1s de 2.000 veh\u00edculos y todas las grandes marcas. <strong>Dentro del mercado del VO, habr\u00e1 veh\u00edculos de ocasi\u00f3n, seminuevos, kil\u00f3metro cero, de flotas y renting. Adem\u00e1s, tambi\u00e9n habr\u00e1 diferentes tipolog\u00edas de motor: combusti\u00f3n, h\u00edbrido y el\u00e9ctrico. Y, tambi\u00e9n, todas las modalidades de pago que se requieran.<\/strong><\/p>\n\n\n\n<p>A trav\u00e9s de la web renovada <a href=\"http:\/\/www.salonocasion.comhttp:\/\" target=\"_blank\" rel=\"noreferrer noopener\">www.salonocasion.com<\/a> ya se puede adquirir la entrada, ver la oferta existente y conocer las marcas. El horario de apertura del Sal\u00f3n Ocasi\u00f3n ser\u00e1 de 11-20h, del 5 al 8 de diciembre. El Sal\u00f3n Ocasi\u00f3n cuenta con CaixaBank Payments &amp; Consumer y Facilitea como sponsor global, con el apoyo de Fecavem, Coches.net, Coberclick y el BBVA Consumer Finance.<\/p>\n","protected":false},"excerpt":{"rendered":"<p>La proliferaci\u00f3n de diferentes canales de comercializaci\u00f3n y el auge de la venta de veh\u00edculos seminuevos, los dos grandes atractivos para asegurar el \u00e9xito del Sal\u00f3n Ocasi\u00f3n de este mes de diciembre El Gremi del Motor i la Mobilitat de Barcelona celebrar\u00e1 del 5 al 8 de diciembre, coincidiendo con el Puente de la Pur\u00edsima, [&#8230;]<\/p>\n","protected":false},"author":2,"featured_media":18912,"comment_status":"closed","ping_status":"closed","sticky":false,"template":"","format":"standard","meta":{"footnotes":"","_links_to":"","_links_to_target":""},"categories":[117],"tags":[],"class_list":["post-18914","post","type-post","status-publish","format-standard","has-post-thumbnail","hentry","category-salon-ocasion"],"_links":{"self":[{"href":"https:\/\/fecavem.com\/es\/wp-json\/wp\/v2\/posts\/18914","targetHints":{"allow":["GET"]}}],"collection":[{"href":"https:\/\/fecavem.com\/es\/wp-json\/wp\/v2\/posts"}],"about":[{"href":"https:\/\/fecavem.com\/es\/wp-json\/wp\/v2\/types\/post"}],"author":[{"embeddable":true,"href":"https:\/\/fecavem.com\/es\/wp-json\/wp\/v2\/users\/2"}],"replies":[{"embeddable":true,"href":"https:\/\/fecavem.com\/es\/wp-json\/wp\/v2\/comments?post=18914"}],"version-history":[{"count":1,"href":"https:\/\/fecavem.com\/es\/wp-json\/wp\/v2\/posts\/18914\/revisions"}],"predecessor-version":[{"id":18915,"href":"https:\/\/fecavem.com\/es\/wp-json\/wp\/v2\/posts\/18914\/revisions\/18915"}],"wp:featuredmedia":[{"embeddable":true,"href":"https:\/\/fecavem.com\/es\/wp-json\/wp\/v2\/media\/18912"}],"wp:attachment":[{"href":"https:\/\/fecavem.com\/es\/wp-json\/wp\/v2\/media?parent=18914"}],"wp:term":[{"taxonomy":"category","embeddable":true,"href":"https:\/\/fecavem.com\/es\/wp-json\/wp\/v2\/categories?post=18914"},{"taxonomy":"post_tag","embeddable":true,"href":"https:\/\/fecavem.com\/es\/wp-json\/wp\/v2\/tags?post=18914"}],"curies":[{"name":"wp","href":"https:\/\/api.w.org\/{rel}","templated":true}]}}